{"id":864,"date":"2019-12-16T07:03:57","date_gmt":"2019-12-16T06:03:57","guid":{"rendered":"http:\/\/wp1067596.server-he.de\/yvonnelamberty_neu_2019\/wordpress\/?p=864"},"modified":"2019-12-17T00:49:49","modified_gmt":"2019-12-16T23:49:49","slug":"eine-kleine-weihnachtswunder-geschichte-der-wahre-grund-warum-ich-frueher-aus-suedfrankreich-abgereist-bin","status":"publish","type":"post","link":"https:\/\/yvonnelamberty.com\/transzendenz\/eine-kleine-weihnachtswunder-geschichte-der-wahre-grund-warum-ich-frueher-aus-suedfrankreich-abgereist-bin\/","title":{"rendered":"Eine kleine Weihnachtswunder-Geschichte! Der wahre Grund, warum ich fr\u00fcher aus S\u00fcdfrankreich abgereist bin"},"content":{"rendered":"<!--themify_builder_content-->\n<div id=\"themify_builder_content-864\" data-postid=\"864\" class=\"themify_builder_content themify_builder_content-864 themify_builder tf_clear\">\n    \t<!-- module_row -->\n\t<div  data-lazy=\"1\" class=\"module_row themify_builder_row tb_97vv932 tb_first tf_clearfix\">\n\t    \t\t<div class=\"row_inner col_align_top col-count-1 tf_box tf_w tf_rel\">\n\t\t\t<div  data-lazy=\"1\" class=\"module_column tb-column col-full first tb_x5r7935 tf_box\">\n\t\t\t    \t        <div class=\"tb-column-inner tf_box tf_w\">\n\t\t    <!-- module text -->\n<div  class=\"module module-text tb_1krj499   \" data-lazy=\"1\">\n        <div  class=\"tb_text_wrap\">\n    <div class=\"\"><span class=\"\">Manchmal passieren verr\u00fcckte Dinge. Dinge, die man einfach nicht erkl\u00e4ren kann. Ich spreche von Synchronizi\u00e4t: parallel kommen zwei Dinge zur selben Zeit und Ort zusammen. Kennst du das?<\/span><\/div>\n<div class=\"\">Ich muss hier leider etwas gr\u00f6\u00dfer ausholen, um dir alles ganz genau zu erkl\u00e4ren. Daher mehr Text heute, aber ich bin mir sicher, das Lesen lohnt sich \ud83d\ude42 \u00a0<\/div>\n<div class=\"\">\u00a0<\/div>\n<div class=\"\"><span class=\"\">Nach meinem ersten Onlinekurs im Februar, \u201cEntfache Kreativit\u00e4t &#8211; eine Verabredung mit dir selbst\u201d, bekam ich ein so tolles Feedback, auch was mein dazugeh\u00f6riges Skizzenbuch betraf. Ich bekam die Idee, daf\u00fcr einen Verlag zu finden und so meldete ich mich bei Julia Steins Onlinekurs \u201eWie finde ich den passenden Verlag\u201c an. Ich begann zu recherchieren, welcher Verlag denn \u00fcberhaupt richtig f\u00fcr mich ist und fand schnell heraus, dass das Verlagswesen eine Welt f\u00fcr sich ist.\u00a0<\/span><\/div>\n<div class=\"\">\u00a0<\/div>\n<div class=\"\"><span class=\"\">Meine Recherche ergab diese Notiz Reihenfolge:\u00a0<\/span><\/div>\n<div class=\"\"><span class=\"\">\u00a0<\/span><\/div>\n<div class=\"\"><img loading=\"lazy\" class=\"alignnone size-medium wp-image-897\" src=\"https:\/\/yvonnelamberty.com\/wp-content\/uploads\/2019\/12\/thumbnail_IMG_1989-300x225.jpg\" alt=\"\" width=\"300\" height=\"225\" srcset=\"https:\/\/yvonnelamberty.com\/transzendenz\/wp-content\/uploads\/2019\/12\/thumbnail_IMG_1989-300x225.jpg 300w, https:\/\/yvonnelamberty.com\/transzendenz\/wp-content\/uploads\/2019\/12\/thumbnail_IMG_1989-600x449.jpg 600w, https:\/\/yvonnelamberty.com\/transzendenz\/wp-content\/uploads\/2019\/12\/thumbnail_IMG_1989-768x575.jpg 768w, https:\/\/yvonnelamberty.com\/transzendenz\/wp-content\/uploads\/2019\/12\/thumbnail_IMG_1989.jpg 828w\" sizes=\"(max-width: 300px) 100vw, 300px\" \/><\/div>\n<div class=\"\">\u00a0<\/div>\n<div class=\"\">\n<div class=\"\"><span class=\"\">Bevor ich dann zwei Wochen nach meiner Recherche nach Bali flog, nahm ich mir zum Ziel, mindestens einen Verlag vorher anzuschreiben. Also begann ich ganz oben auf meiner Liste. Als ich nicht ganz happy mit meinem Manuskript und dem Anschreiben war, griff ich spontan zum Telefon und versuchte mein Gl\u00fcck, den Knaur Verlag zu erreichen. Ich landete bei der Vermittlung und war mir bewusst, dass man hier nat\u00fcrlich nicht Jeden zum Lektorat weiterleitet. Also tat ich so, als w\u00e4re ich ja schon l\u00e4ngst im Kontakt mit der Lektorin und bat mich zu verbinden. Das klappte und man leitete mich direkt zum Lektorat weiter. &#8220;Mega, das l\u00e4uft ja\u201c , dachte ich und hatte noch mehr Gl\u00fcck. Eine superfreundliche Assistentin der Lektorin nahm sich meiner an und ich erkl\u00e4rte ihr meine Idee vom Buch. Anders als erwartet, nahm sie sich Zeit und kl\u00e4rte mich in vielen Fragen auf. Zun\u00e4chst wollte sie kein Manuskript, aber nach einiger Zeit war sie so interessiert, dass ich sie doch davon \u00fcberzeugen konnte, ihr mein Skizzenbuch zuzuschicken. Ich war so aufgeregt\u2026war es doch mein erster Versuch und gleich konnte ich dem Knaur Verlag etwas zusenden\u2026irre!<\/span><\/div>\n<div class=\"\">\u00a0<\/div>\n<div class=\"\"><span class=\"\">Ich erinnerte mich wieder an den Onlinekurs von Julia Stein und meine Erkenntnis, dass man ein gutes Buch vorlegen kann, aber wenn es nicht den richtigen Verlag findet, wird es abgelehnt. Es gibt ungef\u00e4hr 2200 Verlage in Deutschland\u2026nur mal am Rande erw\u00e4hnt.<\/span><\/div>\n<div class=\"\">\u00a0<\/div>\n<div class=\"\"><span class=\"\">Auch die nette Dame am Telefon best\u00e4tigte mir, wie schwer es sei, einen passenden Verlag zu finden. Ich sagte zu ihr \u201ena dann ist das ja wie ein 6er im Lotto, einen passenden Verlag zu finden!\u201c und sie bejahte dies.\u00a0<\/span><\/div>\n<div class=\"\">\u00a0<\/div>\n<div class=\"\"><span class=\"\">Ich schickte ihr noch vor meiner Bali-Reise das Manuskript zu und war ganz gespannt, wie es weiterging. Dass das Ende meine Bali Reise nicht ganz so sch\u00f6n war, wissen Einige und als dann noch die Absage kam (Grund: ich h\u00e4tte noch nie ein Buch ver\u00f6ffentlicht und die Nische sei eventuell zu klein, aber ansonsten w\u00e4ren sie sehr begeistert von dem Manuskript) war ich trotz der netten Worte super traurig. Die freundliche Dame aus dem Lektorat sagte mir noch \u201eIch bin mir sehr sicher, dass sie einen Verlag finden werden.\u201c doch ich war nat\u00fcrlich erstmal geknickt, kannst du dir vorstellen.\u00a0<\/span><\/div>\n<div class=\"\">\u00a0<\/div>\n<div class=\"\"><span class=\"\">Schon bald beschloss ich, mir etwas Gutes zu tun und brach nach S\u00fcdfrankreich auf. Ein Traum, den ich mir schon immer mal erf\u00fcllen wollte. (Und genau dort begann ja auch mein Blog.) Ich wollte einfach mal alles loslassen. Manchmal muss man sein Leben aus der Ferne betrachten und die Perspektive wechseln. Wie beim Malen. Da ist es auch gut, einmal ganz weit weg vom Bild zu sein und nicht mit der Nase direkt davor zu h\u00e4ngen. Gesagt, getan. Ich packte meine Koffer und wollte gerade nach S\u00fcdfrankreich aufbrechen und genau da passierte das Verr\u00fcckte. Ich bekam eine Mail vom EMF-Verlag mit einer Anfrage zu einem gemeinsamen Buchprojekt. Ja richtig gelesen! Wenn du nochmal auf meinen Notizzettel schauen m\u00f6chtest, kannst du sehen, dass dieser Verlag direkt unter dem Knaur Verlag an zweiter Stelle steht.<\/span><\/div>\n<div class=\"\">\u00a0<\/div>\n<div class=\"\"><span class=\"\">Ich traute meinen Augen kaum und dachte zuerst, das w\u00e4re Spam.\u00a0<\/span><span class=\"\"><span class=\"\" style=\"color: #942092;\">\u00a0<\/span><\/span><\/div>\n<div class=\"\"><span class=\"\">\u00a0<\/span><\/div>\n<div class=\"\">\n<div class=\"\"><span class=\"\"><i class=\"\">17. April 2019 um 17:10 Uhr<\/i><\/span><\/div>\n<div class=\"\">\u00a0<\/div>\n<div class=\"\"><span class=\"\"><i class=\"\">&#8220;Liebe Yvonne,<\/i><\/span><\/div>\n<div class=\"\">\u00a0<\/div>\n<div class=\"\"><span class=\"\"><i class=\"\">ich bin Nora und arbeite bei der Edition Michael Fischer als Produktmanagerin und Lektorin im Bereich Malen &amp; Zeichnen \u2026\u201c\u00a0<\/i><\/span><\/div>\n<div class=\"\"><span class=\"\"><i class=\"\">\u00a0<\/i><\/span><\/div>\n<\/div>\n<div class=\"\"><span class=\"\">Als ich die\u00a0<\/span><span class=\"\">Mail las, habe ich in dem Moment vergessen zu atmen. Die Lektorin im Bereich Malen und Zeichnen stellte sich vor und fragte mich, ob ich mir eine Zusammenarbeit vorstellen k\u00f6nnte.\u00a0<\/span><\/div>\n<div class=\"\"><span class=\"\">\u00a0<\/span><\/div>\n<div class=\"\">\n<div class=\"\"><span class=\"\">Da ich ja diesen Verlag schon recherchiert hatte, kannte ich alles \u00fcber ihn. Nicht umsonst war er so weit oben auf meiner Liste. Das ist doch v\u00f6llig verr\u00fcckt, dachte ich und rief an. Sofort waren wir per DU und ich fragte Nora, ob sie eine Empfehlung bekommen habe oder wie sich mich gefunden h\u00e4tte. Sie antwortete daraufhin nur, dass sie mich im Internet entdeckt hat und total begeistert war. Keine Empfehlung, einfach nur durch \u201eZufall\u201c. Als ich ihr dann erz\u00e4hlte, dass ich ihren Verlag recherchiert habe und alles \u00fcber sie wusste und auch vor hatte, sie anzuschreiben, war Nora auch sehr erstaunt \u00fcber diese Synchronizit\u00e4t.\u00a0<\/span><\/div>\n<div class=\"\">\u00a0<\/div>\n<div class=\"\"><span class=\"\">Was soll ich sagen\u2026ich habe meinen ersten Autorenvertrag im Juni unterschrieben und bis zur Abgabe im September all meine Liebe und Kreativit\u00e4t in mein ERSTES BUCH gepackt.\u00a0<\/span><\/div>\n<div class=\"\">\u00a0<\/div>\n<div class=\"\"><span class=\"\">HEUTE kann ich dir endlich diese wundervoll verr\u00fcckte Geschichte erz\u00e4hlen, denn mein Buch wird bereits Anfang n\u00e4chsten Jahres, am 04.02.2020, herauskommen \ud83d\ude42\u00a0<\/span><\/div>\n<div class=\"\">\u00a0<\/div>\n<div class=\"\"><span class=\"\">F\u00fcr mein Buch sind so viele neue Bilder entstanden! Es tr\u00e4gt den Titel \u201cColorful Happiness \u2013 Dein Weg zum Intuitiven Malen: Brillante Bilder und Mandalas mit Acryl, Aquarell und mehr\u201d. Und wie der Titel bereits verr\u00e4t, zeige ich dir darin, wie du Schritt f\u00fcr Schritt diese Bilder nachmalen kannst. Zudem f\u00fchre ich dich dabei achtsam und liebevoll zum inneren Kritiker hin und auch \u00fcber die Kraft der Kreativit\u00e4t wirst du Einiges im Buch lernen.<\/span><\/div>\n<div class=\"\">\u00a0<\/div>\n<div class=\"\"><span class=\"\">Du kannst dir JETZT schon mein Buch unter folgendem Link auf Amazon vorbestellen:\u00a0<\/span><\/div>\n<div class=\"\">\u00a0<\/div>\n<div class=\"\"><span class=\"\"><a id=\"LPlnk332908\" class=\"\" href=\"https:\/\/www.amazon.de\/dp\/3960936427\/ref=cm_sw_em_r_mt_dp_U_LrL5DbZ6HPQKC\" target=\"_blank\" rel=\"noopener noreferrer\" data-auth=\"NotApplicable\">https:\/\/www.amazon.de\/dp\/3960936427\/ref=cm_sw_em_r_mt_dp_U_LrL5DbZ6HPQKC<\/a><\/span><\/div>\n<\/div>\n<div>\n<div class=\"\"><span class=\"\">Also man sollte immer genau aufpassen was man sich w\u00fcnscht, denn es k\u00f6nnte in Erf\u00fcllung gehen. Ich hoffe dir hat meine kleine Weihnachtswundergeschichte gefallen.<\/span><\/div>\n<div class=\"\"><span class=\"\">Ich bin immer noch riesig aufgeregt<\/span><span class=\"\">\u00a0und w\u00fcnsche dir hier auf diesem Wege schon einmal ein wundersch\u00f6nes Weihnachtsfest mit deinen Liebsten und hab einen super Start ins Jahr 2020!\u00a0<\/span><\/div>\n<div class=\"\"><span class=\"\">\u00a0<\/span><\/div>\n<div class=\"\"><span class=\"\">Ganz herzliche\u00a0Gr\u00fc\u00dfe aus dem Atelier,<\/span><\/div>\n<div class=\"\"><span class=\"\">Deine Yvonne\u00a0<\/span><\/div>\n<\/div>\n<div><img loading=\"lazy\" class=\"alignnone size-medium wp-image-624\" src=\"https:\/\/yvonnelamberty.com\/wp-content\/uploads\/2019\/12\/Yvonne-Lamerty-Buch-169x300.jpg\" alt=\"\" width=\"169\" height=\"300\" srcset=\"https:\/\/yvonnelamberty.com\/transzendenz\/wp-content\/uploads\/2019\/12\/Yvonne-Lamerty-Buch-169x300.jpg 169w, https:\/\/yvonnelamberty.com\/transzendenz\/wp-content\/uploads\/2019\/12\/Yvonne-Lamerty-Buch-600x1067.jpg 600w, https:\/\/yvonnelamberty.com\/transzendenz\/wp-content\/uploads\/2019\/12\/Yvonne-Lamerty-Buch-576x1024.jpg 576w, https:\/\/yvonnelamberty.com\/transzendenz\/wp-content\/uploads\/2019\/12\/Yvonne-Lamerty-Buch-768x1365.jpg 768w, https:\/\/yvonnelamberty.com\/transzendenz\/wp-content\/uploads\/2019\/12\/Yvonne-Lamerty-Buch-864x1536.jpg 864w, https:\/\/yvonnelamberty.com\/transzendenz\/wp-content\/uploads\/2019\/12\/Yvonne-Lamerty-Buch-576x1024-400x711.jpg 400w, https:\/\/yvonnelamberty.com\/transzendenz\/wp-content\/uploads\/2019\/12\/Yvonne-Lamerty-Buch-576x1024-337x600.jpg 337w, https:\/\/yvonnelamberty.com\/transzendenz\/wp-content\/uploads\/2019\/12\/Yvonne-Lamerty-Buch.jpg 1080w\" sizes=\"(max-width: 169px) 100vw, 169px\" \/><\/div>\n<\/div>    <\/div>\n<\/div>\n<!-- \/module text -->\t        <\/div>\n\t    \t<\/div>\n\t\t    <\/div>\n\t    <!-- \/row_inner -->\n\t<\/div>\n\t<!-- \/module_row -->\n\t<\/div>\n<!--\/themify_builder_content-->","protected":false},"excerpt":{"rendered":"<p>Manchmal passieren verr\u00fcckte Dinge. Dinge, die man einfach nicht erkl\u00e4ren kann. Ich spreche von Synchronizi\u00e4t: parallel kommen zwei Dinge zur selben Zeit und Ort zusammen. Kennst du das? Ich muss hier leider etwas gr\u00f6\u00dfer ausholen, um dir alles ganz genau zu erkl\u00e4ren. Daher mehr Text heute, aber ich bin mir sicher, das Lesen lohnt sich [&hellip;]<\/p>\n","protected":false},"author":3,"featured_media":902,"comment_status":"open","ping_status":"open","sticky":false,"template":"","format":"standard","meta":[],"categories":[1],"tags":[],"yoast_head":"<!-- This site is optimized with the Yoast SEO plugin v19.6.1 - https:\/\/yoast.com\/wordpress\/plugins\/seo\/ -->\n<title>Eine kleine Weihnachtswunder-Geschichte! Der wahre Grund, warum ich fr\u00fcher aus S\u00fcdfrankreich abgereist bin - Yvonne Lamberty<\/title>\n<meta name=\"robots\" content=\"index, follow, max-snippet:-1, max-image-preview:large, max-video-preview:-1\" \/>\n<link rel=\"canonical\" href=\"https:\/\/yvonnelamberty.com\/transzendenz\/eine-kleine-weihnachtswunder-geschichte-der-wahre-grund-warum-ich-frueher-aus-suedfrankreich-abgereist-bin\/\" \/>\n<meta property=\"og:locale\" content=\"de_DE\" \/>\n<meta property=\"og:type\" content=\"article\" \/>\n<meta property=\"og:title\" content=\"Eine kleine Weihnachtswunder-Geschichte! Der wahre Grund, warum ich fr\u00fcher aus S\u00fcdfrankreich abgereist bin - Yvonne Lamberty\" \/>\n<meta property=\"og:description\" content=\"Manchmal passieren verr\u00fcckte Dinge. Dinge, die man einfach nicht erkl\u00e4ren kann. Ich spreche von Synchronizi\u00e4t: parallel kommen zwei Dinge zur selben Zeit und Ort zusammen. Kennst du das? Ich muss hier leider etwas gr\u00f6\u00dfer ausholen, um dir alles ganz genau zu erkl\u00e4ren. Daher mehr Text heute, aber ich bin mir sicher, das Lesen lohnt sich [&hellip;]\" \/>\n<meta property=\"og:url\" content=\"https:\/\/yvonnelamberty.com\/transzendenz\/eine-kleine-weihnachtswunder-geschichte-der-wahre-grund-warum-ich-frueher-aus-suedfrankreich-abgereist-bin\/\" \/>\n<meta property=\"og:site_name\" content=\"Yvonne Lamberty\" \/>\n<meta property=\"article:published_time\" content=\"2019-12-16T06:03:57+00:00\" \/>\n<meta property=\"article:modified_time\" content=\"2019-12-16T23:49:49+00:00\" \/>\n<meta property=\"og:image\" content=\"https:\/\/yvonnelamberty.com\/transzendenz\/wp-content\/uploads\/2019\/12\/thumbnail_Reiseblog-YvonneLamberty1612.jpg\" \/>\n\t<meta property=\"og:image:width\" content=\"1280\" \/>\n\t<meta property=\"og:image:height\" content=\"960\" \/>\n\t<meta property=\"og:image:type\" content=\"image\/jpeg\" \/>\n<meta name=\"author\" content=\"Yvonne Lamberty\" \/>\n<meta name=\"twitter:card\" content=\"summary_large_image\" \/>\n<meta name=\"twitter:label1\" content=\"Verfasst von\" \/>\n\t<meta name=\"twitter:data1\" content=\"Yvonne Lamberty\" \/>\n<script type=\"application\/ld+json\" class=\"yoast-schema-graph\">{\"@context\":\"https:\/\/schema.org\",\"@graph\":[{\"@type\":\"Article\",\"@id\":\"https:\/\/yvonnelamberty.com\/transzendenz\/eine-kleine-weihnachtswunder-geschichte-der-wahre-grund-warum-ich-frueher-aus-suedfrankreich-abgereist-bin\/#article\",\"isPartOf\":{\"@id\":\"https:\/\/yvonnelamberty.com\/transzendenz\/eine-kleine-weihnachtswunder-geschichte-der-wahre-grund-warum-ich-frueher-aus-suedfrankreich-abgereist-bin\/\"},\"author\":{\"name\":\"Yvonne Lamberty\",\"@id\":\"https:\/\/yvonnelamberty.com\/transzendenz\/#\/schema\/person\/428b3333f648db7c253cdd46e5cd5eac\"},\"headline\":\"Eine kleine Weihnachtswunder-Geschichte! Der wahre Grund, warum ich fr\u00fcher aus S\u00fcdfrankreich abgereist bin\",\"datePublished\":\"2019-12-16T06:03:57+00:00\",\"dateModified\":\"2019-12-16T23:49:49+00:00\",\"mainEntityOfPage\":{\"@id\":\"https:\/\/yvonnelamberty.com\/transzendenz\/eine-kleine-weihnachtswunder-geschichte-der-wahre-grund-warum-ich-frueher-aus-suedfrankreich-abgereist-bin\/\"},\"wordCount\":15,\"commentCount\":2,\"publisher\":{\"@id\":\"https:\/\/yvonnelamberty.com\/transzendenz\/#organization\"},\"inLanguage\":\"de\",\"potentialAction\":[{\"@type\":\"CommentAction\",\"name\":\"Comment\",\"target\":[\"https:\/\/yvonnelamberty.com\/transzendenz\/eine-kleine-weihnachtswunder-geschichte-der-wahre-grund-warum-ich-frueher-aus-suedfrankreich-abgereist-bin\/#respond\"]}]},{\"@type\":\"WebPage\",\"@id\":\"https:\/\/yvonnelamberty.com\/transzendenz\/eine-kleine-weihnachtswunder-geschichte-der-wahre-grund-warum-ich-frueher-aus-suedfrankreich-abgereist-bin\/\",\"url\":\"https:\/\/yvonnelamberty.com\/transzendenz\/eine-kleine-weihnachtswunder-geschichte-der-wahre-grund-warum-ich-frueher-aus-suedfrankreich-abgereist-bin\/\",\"name\":\"Eine kleine Weihnachtswunder-Geschichte! Der wahre Grund, warum ich fr\u00fcher aus S\u00fcdfrankreich abgereist bin - Yvonne Lamberty\",\"isPartOf\":{\"@id\":\"https:\/\/yvonnelamberty.com\/transzendenz\/#website\"},\"datePublished\":\"2019-12-16T06:03:57+00:00\",\"dateModified\":\"2019-12-16T23:49:49+00:00\",\"breadcrumb\":{\"@id\":\"https:\/\/yvonnelamberty.com\/transzendenz\/eine-kleine-weihnachtswunder-geschichte-der-wahre-grund-warum-ich-frueher-aus-suedfrankreich-abgereist-bin\/#breadcrumb\"},\"inLanguage\":\"de\",\"potentialAction\":[{\"@type\":\"ReadAction\",\"target\":[\"https:\/\/yvonnelamberty.com\/transzendenz\/eine-kleine-weihnachtswunder-geschichte-der-wahre-grund-warum-ich-frueher-aus-suedfrankreich-abgereist-bin\/\"]}]},{\"@type\":\"BreadcrumbList\",\"@id\":\"https:\/\/yvonnelamberty.com\/transzendenz\/eine-kleine-weihnachtswunder-geschichte-der-wahre-grund-warum-ich-frueher-aus-suedfrankreich-abgereist-bin\/#breadcrumb\",\"itemListElement\":[{\"@type\":\"ListItem\",\"position\":1,\"name\":\"Startseite\",\"item\":\"https:\/\/yvonnelamberty.com\/transzendenz\/\"},{\"@type\":\"ListItem\",\"position\":2,\"name\":\"Eine kleine Weihnachtswunder-Geschichte! Der wahre Grund, warum ich fr\u00fcher aus S\u00fcdfrankreich abgereist bin\"}]},{\"@type\":\"WebSite\",\"@id\":\"https:\/\/yvonnelamberty.com\/transzendenz\/#website\",\"url\":\"https:\/\/yvonnelamberty.com\/transzendenz\/\",\"name\":\"Yvonne Lamberty\",\"description\":\"Yvonne Lamberty\",\"publisher\":{\"@id\":\"https:\/\/yvonnelamberty.com\/transzendenz\/#organization\"},\"potentialAction\":[{\"@type\":\"SearchAction\",\"target\":{\"@type\":\"EntryPoint\",\"urlTemplate\":\"https:\/\/yvonnelamberty.com\/transzendenz\/?s={search_term_string}\"},\"query-input\":\"required name=search_term_string\"}],\"inLanguage\":\"de\"},{\"@type\":\"Organization\",\"@id\":\"https:\/\/yvonnelamberty.com\/transzendenz\/#organization\",\"name\":\"Yvonne Lamberty\",\"url\":\"https:\/\/yvonnelamberty.com\/transzendenz\/\",\"sameAs\":[],\"logo\":{\"@type\":\"ImageObject\",\"inLanguage\":\"de\",\"@id\":\"https:\/\/yvonnelamberty.com\/transzendenz\/#\/schema\/logo\/image\/\",\"url\":\"https:\/\/yvonnelamberty.com\/wp-content\/uploads\/2022\/07\/Yvonne_Lamberty_Logo.jpg\",\"contentUrl\":\"https:\/\/yvonnelamberty.com\/wp-content\/uploads\/2022\/07\/Yvonne_Lamberty_Logo.jpg\",\"width\":596,\"height\":174,\"caption\":\"Yvonne Lamberty\"},\"image\":{\"@id\":\"https:\/\/yvonnelamberty.com\/transzendenz\/#\/schema\/logo\/image\/\"}},{\"@type\":\"Person\",\"@id\":\"https:\/\/yvonnelamberty.com\/transzendenz\/#\/schema\/person\/428b3333f648db7c253cdd46e5cd5eac\",\"name\":\"Yvonne Lamberty\",\"image\":{\"@type\":\"ImageObject\",\"inLanguage\":\"de\",\"@id\":\"https:\/\/yvonnelamberty.com\/transzendenz\/#\/schema\/person\/image\/\",\"url\":\"https:\/\/secure.gravatar.com\/avatar\/b8173e7cc1af324776f5e26bc73ca0c8?s=96&d=mm&r=g\",\"contentUrl\":\"https:\/\/secure.gravatar.com\/avatar\/b8173e7cc1af324776f5e26bc73ca0c8?s=96&d=mm&r=g\",\"caption\":\"Yvonne Lamberty\"},\"url\":\"https:\/\/yvonnelamberty.com\/transzendenz\/author\/yvonne-lamberty\/\"}]}<\/script>\n<!-- \/ Yoast SEO plugin. -->","yoast_head_json":{"title":"Eine kleine Weihnachtswunder-Geschichte! Der wahre Grund, warum ich fr\u00fcher aus S\u00fcdfrankreich abgereist bin - Yvonne Lamberty","robots":{"index":"index","follow":"follow","max-snippet":"max-snippet:-1","max-image-preview":"max-image-preview:large","max-video-preview":"max-video-preview:-1"},"canonical":"https:\/\/yvonnelamberty.com\/transzendenz\/eine-kleine-weihnachtswunder-geschichte-der-wahre-grund-warum-ich-frueher-aus-suedfrankreich-abgereist-bin\/","og_locale":"de_DE","og_type":"article","og_title":"Eine kleine Weihnachtswunder-Geschichte! Der wahre Grund, warum ich fr\u00fcher aus S\u00fcdfrankreich abgereist bin - Yvonne Lamberty","og_description":"Manchmal passieren verr\u00fcckte Dinge. Dinge, die man einfach nicht erkl\u00e4ren kann. Ich spreche von Synchronizi\u00e4t: parallel kommen zwei Dinge zur selben Zeit und Ort zusammen. Kennst du das? Ich muss hier leider etwas gr\u00f6\u00dfer ausholen, um dir alles ganz genau zu erkl\u00e4ren. Daher mehr Text heute, aber ich bin mir sicher, das Lesen lohnt sich [&hellip;]","og_url":"https:\/\/yvonnelamberty.com\/transzendenz\/eine-kleine-weihnachtswunder-geschichte-der-wahre-grund-warum-ich-frueher-aus-suedfrankreich-abgereist-bin\/","og_site_name":"Yvonne Lamberty","article_published_time":"2019-12-16T06:03:57+00:00","article_modified_time":"2019-12-16T23:49:49+00:00","og_image":[{"width":1280,"height":960,"url":"https:\/\/yvonnelamberty.com\/transzendenz\/wp-content\/uploads\/2019\/12\/thumbnail_Reiseblog-YvonneLamberty1612.jpg","type":"image\/jpeg"}],"author":"Yvonne Lamberty","twitter_card":"summary_large_image","twitter_misc":{"Verfasst von":"Yvonne Lamberty"},"schema":{"@context":"https:\/\/schema.org","@graph":[{"@type":"Article","@id":"https:\/\/yvonnelamberty.com\/transzendenz\/eine-kleine-weihnachtswunder-geschichte-der-wahre-grund-warum-ich-frueher-aus-suedfrankreich-abgereist-bin\/#article","isPartOf":{"@id":"https:\/\/yvonnelamberty.com\/transzendenz\/eine-kleine-weihnachtswunder-geschichte-der-wahre-grund-warum-ich-frueher-aus-suedfrankreich-abgereist-bin\/"},"author":{"name":"Yvonne Lamberty","@id":"https:\/\/yvonnelamberty.com\/transzendenz\/#\/schema\/person\/428b3333f648db7c253cdd46e5cd5eac"},"headline":"Eine kleine Weihnachtswunder-Geschichte! Der wahre Grund, warum ich fr\u00fcher aus S\u00fcdfrankreich abgereist bin","datePublished":"2019-12-16T06:03:57+00:00","dateModified":"2019-12-16T23:49:49+00:00","mainEntityOfPage":{"@id":"https:\/\/yvonnelamberty.com\/transzendenz\/eine-kleine-weihnachtswunder-geschichte-der-wahre-grund-warum-ich-frueher-aus-suedfrankreich-abgereist-bin\/"},"wordCount":15,"commentCount":2,"publisher":{"@id":"https:\/\/yvonnelamberty.com\/transzendenz\/#organization"},"inLanguage":"de","potentialAction":[{"@type":"CommentAction","name":"Comment","target":["https:\/\/yvonnelamberty.com\/transzendenz\/eine-kleine-weihnachtswunder-geschichte-der-wahre-grund-warum-ich-frueher-aus-suedfrankreich-abgereist-bin\/#respond"]}]},{"@type":"WebPage","@id":"https:\/\/yvonnelamberty.com\/transzendenz\/eine-kleine-weihnachtswunder-geschichte-der-wahre-grund-warum-ich-frueher-aus-suedfrankreich-abgereist-bin\/","url":"https:\/\/yvonnelamberty.com\/transzendenz\/eine-kleine-weihnachtswunder-geschichte-der-wahre-grund-warum-ich-frueher-aus-suedfrankreich-abgereist-bin\/","name":"Eine kleine Weihnachtswunder-Geschichte! Der wahre Grund, warum ich fr\u00fcher aus S\u00fcdfrankreich abgereist bin - Yvonne Lamberty","isPartOf":{"@id":"https:\/\/yvonnelamberty.com\/transzendenz\/#website"},"datePublished":"2019-12-16T06:03:57+00:00","dateModified":"2019-12-16T23:49:49+00:00","breadcrumb":{"@id":"https:\/\/yvonnelamberty.com\/transzendenz\/eine-kleine-weihnachtswunder-geschichte-der-wahre-grund-warum-ich-frueher-aus-suedfrankreich-abgereist-bin\/#breadcrumb"},"inLanguage":"de","potentialAction":[{"@type":"ReadAction","target":["https:\/\/yvonnelamberty.com\/transzendenz\/eine-kleine-weihnachtswunder-geschichte-der-wahre-grund-warum-ich-frueher-aus-suedfrankreich-abgereist-bin\/"]}]},{"@type":"BreadcrumbList","@id":"https:\/\/yvonnelamberty.com\/transzendenz\/eine-kleine-weihnachtswunder-geschichte-der-wahre-grund-warum-ich-frueher-aus-suedfrankreich-abgereist-bin\/#breadcrumb","itemListElement":[{"@type":"ListItem","position":1,"name":"Startseite","item":"https:\/\/yvonnelamberty.com\/transzendenz\/"},{"@type":"ListItem","position":2,"name":"Eine kleine Weihnachtswunder-Geschichte! Der wahre Grund, warum ich fr\u00fcher aus S\u00fcdfrankreich abgereist bin"}]},{"@type":"WebSite","@id":"https:\/\/yvonnelamberty.com\/transzendenz\/#website","url":"https:\/\/yvonnelamberty.com\/transzendenz\/","name":"Yvonne Lamberty","description":"Yvonne Lamberty","publisher":{"@id":"https:\/\/yvonnelamberty.com\/transzendenz\/#organization"},"potentialAction":[{"@type":"SearchAction","target":{"@type":"EntryPoint","urlTemplate":"https:\/\/yvonnelamberty.com\/transzendenz\/?s={search_term_string}"},"query-input":"required name=search_term_string"}],"inLanguage":"de"},{"@type":"Organization","@id":"https:\/\/yvonnelamberty.com\/transzendenz\/#organization","name":"Yvonne Lamberty","url":"https:\/\/yvonnelamberty.com\/transzendenz\/","sameAs":[],"logo":{"@type":"ImageObject","inLanguage":"de","@id":"https:\/\/yvonnelamberty.com\/transzendenz\/#\/schema\/logo\/image\/","url":"https:\/\/yvonnelamberty.com\/wp-content\/uploads\/2022\/07\/Yvonne_Lamberty_Logo.jpg","contentUrl":"https:\/\/yvonnelamberty.com\/wp-content\/uploads\/2022\/07\/Yvonne_Lamberty_Logo.jpg","width":596,"height":174,"caption":"Yvonne Lamberty"},"image":{"@id":"https:\/\/yvonnelamberty.com\/transzendenz\/#\/schema\/logo\/image\/"}},{"@type":"Person","@id":"https:\/\/yvonnelamberty.com\/transzendenz\/#\/schema\/person\/428b3333f648db7c253cdd46e5cd5eac","name":"Yvonne Lamberty","image":{"@type":"ImageObject","inLanguage":"de","@id":"https:\/\/yvonnelamberty.com\/transzendenz\/#\/schema\/person\/image\/","url":"https:\/\/secure.gravatar.com\/avatar\/b8173e7cc1af324776f5e26bc73ca0c8?s=96&d=mm&r=g","contentUrl":"https:\/\/secure.gravatar.com\/avatar\/b8173e7cc1af324776f5e26bc73ca0c8?s=96&d=mm&r=g","caption":"Yvonne Lamberty"},"url":"https:\/\/yvonnelamberty.com\/transzendenz\/author\/yvonne-lamberty\/"}]}},"builder_content":"Manchmal passieren verr\u00fcckte Dinge. Dinge, die man einfach nicht erkl\u00e4ren kann. Ich spreche von Synchronizi\u00e4t: parallel kommen zwei Dinge zur selben Zeit und Ort zusammen. Kennst du das? Ich muss hier leider etwas gr\u00f6\u00dfer ausholen, um dir alles ganz genau zu erkl\u00e4ren. Daher mehr Text heute, aber ich bin mir sicher, das Lesen lohnt sich :-) \u00a0 \u00a0 Nach meinem ersten Onlinekurs im Februar, \u201cEntfache Kreativit\u00e4t - eine Verabredung mit dir selbst\u201d, bekam ich ein so tolles Feedback, auch was mein dazugeh\u00f6riges Skizzenbuch betraf. Ich bekam die Idee, daf\u00fcr einen Verlag zu finden und so meldete ich mich bei Julia Steins Onlinekurs \u201eWie finde ich den passenden Verlag\u201c an. Ich begann zu recherchieren, welcher Verlag denn \u00fcberhaupt richtig f\u00fcr mich ist und fand schnell heraus, dass das Verlagswesen eine Welt f\u00fcr sich ist.\u00a0 \u00a0 Meine Recherche ergab diese Notiz Reihenfolge:\u00a0 \u00a0 <img loading=\"lazy\" src=\"https:\/\/yvonnelamberty.com\/wp-content\/uploads\/2019\/12\/thumbnail_IMG_1989-300x225.jpg\" alt=\"\" width=\"300\" height=\"225\" srcset=\"https:\/\/yvonnelamberty.com\/transzendenz\/wp-content\/uploads\/2019\/12\/thumbnail_IMG_1989-300x225.jpg 300w, https:\/\/yvonnelamberty.com\/transzendenz\/wp-content\/uploads\/2019\/12\/thumbnail_IMG_1989-600x449.jpg 600w, https:\/\/yvonnelamberty.com\/transzendenz\/wp-content\/uploads\/2019\/12\/thumbnail_IMG_1989-768x575.jpg 768w, https:\/\/yvonnelamberty.com\/transzendenz\/wp-content\/uploads\/2019\/12\/thumbnail_IMG_1989.jpg 828w\" sizes=\"(max-width: 300px) 100vw, 300px\" \/> \u00a0\nBevor ich dann zwei Wochen nach meiner Recherche nach Bali flog, nahm ich mir zum Ziel, mindestens einen Verlag vorher anzuschreiben. Also begann ich ganz oben auf meiner Liste. Als ich nicht ganz happy mit meinem Manuskript und dem Anschreiben war, griff ich spontan zum Telefon und versuchte mein Gl\u00fcck, den Knaur Verlag zu erreichen. Ich landete bei der Vermittlung und war mir bewusst, dass man hier nat\u00fcrlich nicht Jeden zum Lektorat weiterleitet. Also tat ich so, als w\u00e4re ich ja schon l\u00e4ngst im Kontakt mit der Lektorin und bat mich zu verbinden. Das klappte und man leitete mich direkt zum Lektorat weiter. \"Mega, das l\u00e4uft ja\u201c , dachte ich und hatte noch mehr Gl\u00fcck. Eine superfreundliche Assistentin der Lektorin nahm sich meiner an und ich erkl\u00e4rte ihr meine Idee vom Buch. Anders als erwartet, nahm sie sich Zeit und kl\u00e4rte mich in vielen Fragen auf. Zun\u00e4chst wollte sie kein Manuskript, aber nach einiger Zeit war sie so interessiert, dass ich sie doch davon \u00fcberzeugen konnte, ihr mein Skizzenbuch zuzuschicken. Ich war so aufgeregt\u2026war es doch mein erster Versuch und gleich konnte ich dem Knaur Verlag etwas zusenden\u2026irre! \u00a0 Ich erinnerte mich wieder an den Onlinekurs von Julia Stein und meine Erkenntnis, dass man ein gutes Buch vorlegen kann, aber wenn es nicht den richtigen Verlag findet, wird es abgelehnt. Es gibt ungef\u00e4hr 2200 Verlage in Deutschland\u2026nur mal am Rande erw\u00e4hnt. \u00a0 Auch die nette Dame am Telefon best\u00e4tigte mir, wie schwer es sei, einen passenden Verlag zu finden. Ich sagte zu ihr \u201ena dann ist das ja wie ein 6er im Lotto, einen passenden Verlag zu finden!\u201c und sie bejahte dies.\u00a0 \u00a0 Ich schickte ihr noch vor meiner Bali-Reise das Manuskript zu und war ganz gespannt, wie es weiterging. Dass das Ende meine Bali Reise nicht ganz so sch\u00f6n war, wissen Einige und als dann noch die Absage kam (Grund: ich h\u00e4tte noch nie ein Buch ver\u00f6ffentlicht und die Nische sei eventuell zu klein, aber ansonsten w\u00e4ren sie sehr begeistert von dem Manuskript) war ich trotz der netten Worte super traurig. Die freundliche Dame aus dem Lektorat sagte mir noch \u201eIch bin mir sehr sicher, dass sie einen Verlag finden werden.\u201c doch ich war nat\u00fcrlich erstmal geknickt, kannst du dir vorstellen.\u00a0 \u00a0 Schon bald beschloss ich, mir etwas Gutes zu tun und brach nach S\u00fcdfrankreich auf. Ein Traum, den ich mir schon immer mal erf\u00fcllen wollte. (Und genau dort begann ja auch mein Blog.) Ich wollte einfach mal alles loslassen. Manchmal muss man sein Leben aus der Ferne betrachten und die Perspektive wechseln. Wie beim Malen. Da ist es auch gut, einmal ganz weit weg vom Bild zu sein und nicht mit der Nase direkt davor zu h\u00e4ngen. Gesagt, getan. Ich packte meine Koffer und wollte gerade nach S\u00fcdfrankreich aufbrechen und genau da passierte das Verr\u00fcckte. Ich bekam eine Mail vom EMF-Verlag mit einer Anfrage zu einem gemeinsamen Buchprojekt. Ja richtig gelesen! Wenn du nochmal auf meinen Notizzettel schauen m\u00f6chtest, kannst du sehen, dass dieser Verlag direkt unter dem Knaur Verlag an zweiter Stelle steht. \u00a0 Ich traute meinen Augen kaum und dachte zuerst, das w\u00e4re Spam.\u00a0\u00a0 \u00a0\n<i>17. April 2019 um 17:10 Uhr<\/i> \u00a0 <i>\"Liebe Yvonne,<\/i> \u00a0 <i>ich bin Nora und arbeite bei der Edition Michael Fischer als Produktmanagerin und Lektorin im Bereich Malen &amp; Zeichnen \u2026\u201c\u00a0<\/i> <i>\u00a0<\/i>\nAls ich die\u00a0Mail las, habe ich in dem Moment vergessen zu atmen. Die Lektorin im Bereich Malen und Zeichnen stellte sich vor und fragte mich, ob ich mir eine Zusammenarbeit vorstellen k\u00f6nnte.\u00a0 \u00a0\nDa ich ja diesen Verlag schon recherchiert hatte, kannte ich alles \u00fcber ihn. Nicht umsonst war er so weit oben auf meiner Liste. Das ist doch v\u00f6llig verr\u00fcckt, dachte ich und rief an. Sofort waren wir per DU und ich fragte Nora, ob sie eine Empfehlung bekommen habe oder wie sich mich gefunden h\u00e4tte. Sie antwortete daraufhin nur, dass sie mich im Internet entdeckt hat und total begeistert war. Keine Empfehlung, einfach nur durch \u201eZufall\u201c. Als ich ihr dann erz\u00e4hlte, dass ich ihren Verlag recherchiert habe und alles \u00fcber sie wusste und auch vor hatte, sie anzuschreiben, war Nora auch sehr erstaunt \u00fcber diese Synchronizit\u00e4t.\u00a0 \u00a0 Was soll ich sagen\u2026ich habe meinen ersten Autorenvertrag im Juni unterschrieben und bis zur Abgabe im September all meine Liebe und Kreativit\u00e4t in mein ERSTES BUCH gepackt.\u00a0 \u00a0 HEUTE kann ich dir endlich diese wundervoll verr\u00fcckte Geschichte erz\u00e4hlen, denn mein Buch wird bereits Anfang n\u00e4chsten Jahres, am 04.02.2020, herauskommen :-)\u00a0 \u00a0 F\u00fcr mein Buch sind so viele neue Bilder entstanden! Es tr\u00e4gt den Titel \u201cColorful Happiness \u2013 Dein Weg zum Intuitiven Malen: Brillante Bilder und Mandalas mit Acryl, Aquarell und mehr\u201d. Und wie der Titel bereits verr\u00e4t, zeige ich dir darin, wie du Schritt f\u00fcr Schritt diese Bilder nachmalen kannst. Zudem f\u00fchre ich dich dabei achtsam und liebevoll zum inneren Kritiker hin und auch \u00fcber die Kraft der Kreativit\u00e4t wirst du Einiges im Buch lernen. \u00a0 Du kannst dir JETZT schon mein Buch unter folgendem Link auf Amazon vorbestellen:\u00a0 \u00a0 <a id=\"LPlnk332908\" href=\"https:\/\/www.amazon.de\/dp\/3960936427\/ref=cm_sw_em_r_mt_dp_U_LrL5DbZ6HPQKC\" target=\"_blank\" rel=\"noopener noreferrer\" data-auth=\"NotApplicable\">https:\/\/www.amazon.de\/dp\/3960936427\/ref=cm_sw_em_r_mt_dp_U_LrL5DbZ6HPQKC<\/a>\nAlso man sollte immer genau aufpassen was man sich w\u00fcnscht, denn es k\u00f6nnte in Erf\u00fcllung gehen. Ich hoffe dir hat meine kleine Weihnachtswundergeschichte gefallen. Ich bin immer noch riesig aufgeregt\u00a0und w\u00fcnsche dir hier auf diesem Wege schon einmal ein wundersch\u00f6nes Weihnachtsfest mit deinen Liebsten und hab einen super Start ins Jahr 2020!\u00a0 \u00a0 Ganz herzliche\u00a0Gr\u00fc\u00dfe aus dem Atelier, Deine Yvonne\u00a0\n<img loading=\"lazy\" src=\"https:\/\/yvonnelamberty.com\/wp-content\/uploads\/2019\/12\/Yvonne-Lamerty-Buch-169x300.jpg\" alt=\"\" width=\"169\" height=\"300\" srcset=\"https:\/\/yvonnelamberty.com\/transzendenz\/wp-content\/uploads\/2019\/12\/Yvonne-Lamerty-Buch-169x300.jpg 169w, https:\/\/yvonnelamberty.com\/transzendenz\/wp-content\/uploads\/2019\/12\/Yvonne-Lamerty-Buch-600x1067.jpg 600w, https:\/\/yvonnelamberty.com\/transzendenz\/wp-content\/uploads\/2019\/12\/Yvonne-Lamerty-Buch-576x1024.jpg 576w, https:\/\/yvonnelamberty.com\/transzendenz\/wp-content\/uploads\/2019\/12\/Yvonne-Lamerty-Buch-768x1365.jpg 768w, https:\/\/yvonnelamberty.com\/transzendenz\/wp-content\/uploads\/2019\/12\/Yvonne-Lamerty-Buch-864x1536.jpg 864w, https:\/\/yvonnelamberty.com\/transzendenz\/wp-content\/uploads\/2019\/12\/Yvonne-Lamerty-Buch-576x1024-400x711.jpg 400w, https:\/\/yvonnelamberty.com\/transzendenz\/wp-content\/uploads\/2019\/12\/Yvonne-Lamerty-Buch-576x1024-337x600.jpg 337w, https:\/\/yvonnelamberty.com\/transzendenz\/wp-content\/uploads\/2019\/12\/Yvonne-Lamerty-Buch.jpg 1080w\" sizes=\"(max-width: 169px) 100vw, 169px\" \/>","_links":{"self":[{"href":"https:\/\/yvonnelamberty.com\/transzendenz\/wp-json\/wp\/v2\/posts\/864"}],"collection":[{"href":"https:\/\/yvonnelamberty.com\/transzendenz\/wp-json\/wp\/v2\/posts"}],"about":[{"href":"https:\/\/yvonnelamberty.com\/transzendenz\/wp-json\/wp\/v2\/types\/post"}],"author":[{"embeddable":true,"href":"https:\/\/yvonnelamberty.com\/transzendenz\/wp-json\/wp\/v2\/users\/3"}],"replies":[{"embeddable":true,"href":"https:\/\/yvonnelamberty.com\/transzendenz\/wp-json\/wp\/v2\/comments?post=864"}],"version-history":[{"count":5,"href":"https:\/\/yvonnelamberty.com\/transzendenz\/wp-json\/wp\/v2\/posts\/864\/revisions"}],"predecessor-version":[{"id":901,"href":"https:\/\/yvonnelamberty.com\/transzendenz\/wp-json\/wp\/v2\/posts\/864\/revisions\/901"}],"wp:featuredmedia":[{"embeddable":true,"href":"https:\/\/yvonnelamberty.com\/transzendenz\/wp-json\/wp\/v2\/media\/902"}],"wp:attachment":[{"href":"https:\/\/yvonnelamberty.com\/transzendenz\/wp-json\/wp\/v2\/media?parent=864"}],"wp:term":[{"taxonomy":"category","embeddable":true,"href":"https:\/\/yvonnelamberty.com\/transzendenz\/wp-json\/wp\/v2\/categories?post=864"},{"taxonomy":"post_tag","embeddable":true,"href":"https:\/\/yvonnelamberty.com\/transzendenz\/wp-json\/wp\/v2\/tags?post=864"}],"curies":[{"name":"wp","href":"https:\/\/api.w.org\/{rel}","templated":true}]}}