{"id":428,"date":"2019-05-01T07:15:03","date_gmt":"2019-05-01T05:15:03","guid":{"rendered":"http:\/\/wp1067596.server-he.de\/yvonnelamberty_neu_2019\/wordpress\/?p=428"},"modified":"2024-12-02T08:36:28","modified_gmt":"2024-12-02T07:36:28","slug":"die-eifel-mosel-ist-mein-6er-im-lotto","status":"publish","type":"post","link":"https:\/\/yvonnelamberty.com\/transzendenz\/die-eifel-mosel-ist-mein-6er-im-lotto\/","title":{"rendered":"Die Eifel-Mosel ist mein 6er im Lotto"},"content":{"rendered":"<!--themify_builder_content-->\n<div id=\"themify_builder_content-428\" data-postid=\"428\" class=\"themify_builder_content themify_builder_content-428 themify_builder tf_clear\">\n    \t<!-- module_row -->\n\t<div  data-lazy=\"1\" class=\"module_row themify_builder_row tb_o9qf527 tb_first tf_clearfix\">\n\t    \t\t<div class=\"row_inner col_align_top col-count-1 tf_box tf_w tf_rel\">\n\t\t\t<div  data-lazy=\"1\" class=\"module_column tb-column col-full first tb_fdbt527 tf_box\">\n\t\t\t    \t        <div class=\"tb-column-inner tf_box tf_w\">\n\t\t    <!-- module text -->\n<div  class=\"module module-text tb_d31k979   \" data-lazy=\"1\">\n        <div  class=\"tb_text_wrap\">\n    <div class=\"heading-text el-text\"><h1 class=\"font-505693 fontsize-211040 text-color-wvjs-color\">Die Eifel-Mosel ist mein 6er im Lotto<\/h1><\/div><div class=\"clear\">\u00a0<\/div><div class=\"uncode_text_column\"><p>Mein erstes Ziel ist ein Dorf in der Eifel, wo ich aufgewachsen bin. Ich sehe es als gro\u00dfes Geschenk an, dass meine lieben Eltern dort immer noch zusammen wohnen und mein Bruderherz auch nicht weit weg wohnt. Ein absolutes Highlight ist auch meine Oma Lotte (95). Mit blonder Dauerwelle und rotem Lippenstift ist sie ein Vorbild f\u00fcr mich.<\/p><p>Aber so sch\u00f6n es zuhause ist, es gibt auch immer einen Wermutstropfen.\u00a0<a href=\"https:\/\/yvonnelamberty.com\/transzendenz\/wp-content\/uploads\/2019\/05\/IMG_2971.jpg\"><img loading=\"lazy\" class=\"alignright wp-image-1235 \" src=\"https:\/\/yvonnelamberty.com\/transzendenz\/wp-content\/uploads\/2019\/05\/IMG_2971-768x1024.jpg\" alt=\"\" width=\"718\" height=\"957\" \/><\/a>Denn wenn ich unter dem Dach meiner Eltern wohne, bin ich wieder 12 Jahre alt. Nicht, dass ich mich so f\u00fchle\u2026 nein ganz im Gegenteil. Doch oftmals stelle ich mir die Frage, ob meine Eltern vergessen haben, dass ich in den 80ern geboren und eigentlich schon erwachsen bin.<\/p><p>W\u00e4hrend ich das schreibe, muss ich schmunzeln. Du vielleicht auch, weil es dir vertraut ist. Mit Anfang 30 habe ich mich noch tierisch dar\u00fcber aufgeregt und mich dagegen gewehrt, zuhause wieder 12 Jahre alt zu sein. Doch mit 37 Jahren freue ich mich \u00fcber die innerliche Weisheit, auch das liebevoll anzunehmen und sie einfach so zu lassen wie sie sind.<\/p><p>Um ehrlich zu sein, finde ich das Leben bei meinen Eltern toll und fast wie in einem Detektivroman. Denn ich f\u00fchle mich ein bisschen wie Sherlock Holmes auf der Suche nach famili\u00e4ren Glaubenss\u00e4tzen und Mustern, \u00c4ngsten und Blockaden, die ich noch gerne aufl\u00f6sen m\u00f6chte, bevor ich meine Reise in den S\u00fcden antrete.<\/p><p>Meine Eltern sind echt wundervoll. Unglaublich, dass ich so ein Gl\u00fcck hatte, bei ihnen Kind sein zu d\u00fcrfen. Ich nenne sie immer \u201eMein Sechser im Lotto\u201c.<\/p><p>Wenn man \u00e4lter wird, sollte man die Verantwortung \u00fcbernehmen f\u00fcr das, was man von seinen Eltern an Denkweisen und Ansichten behalten oder aussortieren m\u00f6chte. Damit bin ich zum ersten Mal in Kontakt gekommen als ich mich vor genau 10 Jahren als K\u00fcnstlerin mit meinen Mandalas selbstst\u00e4ndig gemacht habe. Sich selbstst\u00e4ndig zu machen, obwohl man aus einer Beamtenfamilie kommt, bedeutet wirklich aus dem Sicherheitsdenken auszubrechen.<\/p><p>Denn nur, wenn man sich von vielen alten Mustern befreit, mit denen man aufgewachsen ist, kann man seinen Weg gehen und erfolgreich in seiner Selbstst\u00e4ndigkeit sein. S\u00e4tze wie \u201ebrotlose Kunst\u201c oder \u201eK\u00fcnstler leben immer von der Hand in den Mund\u201c kenne ich sehr gut, und denen habe ich lange Glauben geschenkt. Aber lange ist eben nicht f\u00fcr immer\u2026 und somit bin ich \u00fcber die Jahre recht gut darin geworden, meine Gedanken achtsam zu \u00fcberpr\u00fcfen und auszumisten. Denn wenn man gerade als K\u00fcnstler auch anders denken will, um ganz neue Sichtweisen zu erlangen und auch auf anderen Wegen zu gehen, muss man st\u00e4ndig seine Komfortzone \u00fcberlisten.<\/p><p>Diese Reise, die noch vor mir liegt, ist auch, ehrlich gesagt, eine Mutprobe. Denn ich gehe nun endlich einem lang ersehnten Traum nach, den ich seit Jahren vor mir her schiebe und immer gesagt habe \u201eirgendwann\u201c. Hast du auch einen Traum? Wenn ja, wann ist f\u00fcr dich eigentlich irgendwann?<\/p><p><a href=\"https:\/\/yvonnelamberty.com\/transzendenz\/wp-content\/uploads\/2019\/05\/0CD536E1-FAEE-4852-8891-054B05C88D21.jpeg\"><img loading=\"lazy\" class=\" wp-image-1166 alignleft\" src=\"https:\/\/yvonnelamberty.com\/transzendenz\/wp-content\/uploads\/2019\/05\/0CD536E1-FAEE-4852-8891-054B05C88D21-224x300.jpeg\" alt=\"\" width=\"288\" height=\"386\" \/><\/a>Tr\u00e4ume sind wirklich da, um gelebt zu werden, und es braucht auch immer Mut, um sie umzusetzen oder ihnen nachzugehen. Ich sehe meine Reise nicht als romantisches Wunschbild vom Reisen \u2013 ich sehe auch die Einsamkeit beim Reisen und auch weitere H\u00fcrden. Es kann einfach ALLES und auch NICHTS passieren. Ich lasse mich wirklich treiben \u2013 ohne gro\u00dfen Plan. Ich bin schon aufgeregt und habe Bammel, wenn ich nur daran denke, diese Fahrt ganz alleine auf mich zu nehmen. Diesem \u201eBammel\u201c werde ich tief in die Augen schauen, denn ich bin rebellisch. Ich mache gerne das, was mich im Inneren am meisten nervt, damit ich es los werde, um frei zu sein. Meine Kreativit\u00e4t ist mir dabei das beste Werkzeug.<\/p><p>Du wirst von mir einen ganz authentischen Bericht bekommen von der Erf\u00fcllung meines Traumes und was mich bewegt und mir so durch den Kopf jagt. Doch jetzt gr\u00fc\u00dfe ich dich noch einmal ganz herzlich aus der Eifel.<\/p><p>Deine Yvonne<\/p><\/div>    <\/div>\n<\/div>\n<!-- \/module text -->\t        <\/div>\n\t    \t<\/div>\n\t\t    <\/div>\n\t    <!-- \/row_inner -->\n\t<\/div>\n\t<!-- \/module_row -->\n\t<\/div>\n<!--\/themify_builder_content-->","protected":false},"excerpt":{"rendered":"<p>Die Eifel-Mosel ist mein 6er im Lotto \u00a0 Mein erstes Ziel ist ein Dorf in der Eifel, wo ich aufgewachsen bin. Ich sehe es als gro\u00dfes Geschenk an, dass meine lieben Eltern dort immer noch zusammen wohnen und mein Bruderherz auch nicht weit weg wohnt. Ein absolutes Highlight ist auch meine Oma Lotte (95). Mit [&hellip;]<\/p>\n","protected":false},"author":3,"featured_media":571,"comment_status":"open","ping_status":"open","sticky":false,"template":"","format":"standard","meta":[],"categories":[1],"tags":[],"yoast_head":"<!-- This site is optimized with the Yoast SEO plugin v19.6.1 - https:\/\/yoast.com\/wordpress\/plugins\/seo\/ -->\n<title>Die Eifel-Mosel ist mein 6er im Lotto - Yvonne Lamberty<\/title>\n<meta name=\"robots\" content=\"index, follow, max-snippet:-1, max-image-preview:large, max-video-preview:-1\" \/>\n<link rel=\"canonical\" href=\"https:\/\/yvonnelamberty.com\/transzendenz\/die-eifel-mosel-ist-mein-6er-im-lotto\/\" \/>\n<meta property=\"og:locale\" content=\"de_DE\" \/>\n<meta property=\"og:type\" content=\"article\" \/>\n<meta property=\"og:title\" content=\"Die Eifel-Mosel ist mein 6er im Lotto - Yvonne Lamberty\" \/>\n<meta property=\"og:description\" content=\"Die Eifel-Mosel ist mein 6er im Lotto \u00a0 Mein erstes Ziel ist ein Dorf in der Eifel, wo ich aufgewachsen bin. Ich sehe es als gro\u00dfes Geschenk an, dass meine lieben Eltern dort immer noch zusammen wohnen und mein Bruderherz auch nicht weit weg wohnt. Ein absolutes Highlight ist auch meine Oma Lotte (95). Mit [&hellip;]\" \/>\n<meta property=\"og:url\" content=\"https:\/\/yvonnelamberty.com\/transzendenz\/die-eifel-mosel-ist-mein-6er-im-lotto\/\" \/>\n<meta property=\"og:site_name\" content=\"Yvonne Lamberty\" \/>\n<meta property=\"article:published_time\" content=\"2019-05-01T05:15:03+00:00\" \/>\n<meta property=\"article:modified_time\" content=\"2024-12-02T07:36:28+00:00\" \/>\n<meta property=\"og:image\" content=\"https:\/\/yvonnelamberty.com\/transzendenz\/wp-content\/uploads\/2019\/12\/Blog-Eifel-Mosel-.jpg\" \/>\n\t<meta property=\"og:image:width\" content=\"1025\" \/>\n\t<meta property=\"og:image:height\" content=\"1374\" \/>\n\t<meta property=\"og:image:type\" content=\"image\/jpeg\" \/>\n<meta name=\"author\" content=\"Yvonne Lamberty\" \/>\n<meta name=\"twitter:card\" content=\"summary_large_image\" \/>\n<meta name=\"twitter:label1\" content=\"Verfasst von\" \/>\n\t<meta name=\"twitter:data1\" content=\"Yvonne Lamberty\" \/>\n\t<meta name=\"twitter:label2\" content=\"Gesch\u00e4tzte Lesezeit\" \/>\n\t<meta name=\"twitter:data2\" content=\"3\u00a0Minuten\" \/>\n<script type=\"application\/ld+json\" class=\"yoast-schema-graph\">{\"@context\":\"https:\/\/schema.org\",\"@graph\":[{\"@type\":\"Article\",\"@id\":\"https:\/\/yvonnelamberty.com\/transzendenz\/die-eifel-mosel-ist-mein-6er-im-lotto\/#article\",\"isPartOf\":{\"@id\":\"https:\/\/yvonnelamberty.com\/transzendenz\/die-eifel-mosel-ist-mein-6er-im-lotto\/\"},\"author\":{\"name\":\"Yvonne Lamberty\",\"@id\":\"https:\/\/yvonnelamberty.com\/transzendenz\/#\/schema\/person\/428b3333f648db7c253cdd46e5cd5eac\"},\"headline\":\"Die Eifel-Mosel ist mein 6er im Lotto\",\"datePublished\":\"2019-05-01T05:15:03+00:00\",\"dateModified\":\"2024-12-02T07:36:28+00:00\",\"mainEntityOfPage\":{\"@id\":\"https:\/\/yvonnelamberty.com\/transzendenz\/die-eifel-mosel-ist-mein-6er-im-lotto\/\"},\"wordCount\":672,\"commentCount\":0,\"publisher\":{\"@id\":\"https:\/\/yvonnelamberty.com\/transzendenz\/#organization\"},\"inLanguage\":\"de\",\"potentialAction\":[{\"@type\":\"CommentAction\",\"name\":\"Comment\",\"target\":[\"https:\/\/yvonnelamberty.com\/transzendenz\/die-eifel-mosel-ist-mein-6er-im-lotto\/#respond\"]}]},{\"@type\":\"WebPage\",\"@id\":\"https:\/\/yvonnelamberty.com\/transzendenz\/die-eifel-mosel-ist-mein-6er-im-lotto\/\",\"url\":\"https:\/\/yvonnelamberty.com\/transzendenz\/die-eifel-mosel-ist-mein-6er-im-lotto\/\",\"name\":\"Die Eifel-Mosel ist mein 6er im Lotto - Yvonne Lamberty\",\"isPartOf\":{\"@id\":\"https:\/\/yvonnelamberty.com\/transzendenz\/#website\"},\"datePublished\":\"2019-05-01T05:15:03+00:00\",\"dateModified\":\"2024-12-02T07:36:28+00:00\",\"breadcrumb\":{\"@id\":\"https:\/\/yvonnelamberty.com\/transzendenz\/die-eifel-mosel-ist-mein-6er-im-lotto\/#breadcrumb\"},\"inLanguage\":\"de\",\"potentialAction\":[{\"@type\":\"ReadAction\",\"target\":[\"https:\/\/yvonnelamberty.com\/transzendenz\/die-eifel-mosel-ist-mein-6er-im-lotto\/\"]}]},{\"@type\":\"BreadcrumbList\",\"@id\":\"https:\/\/yvonnelamberty.com\/transzendenz\/die-eifel-mosel-ist-mein-6er-im-lotto\/#breadcrumb\",\"itemListElement\":[{\"@type\":\"ListItem\",\"position\":1,\"name\":\"Startseite\",\"item\":\"https:\/\/yvonnelamberty.com\/transzendenz\/\"},{\"@type\":\"ListItem\",\"position\":2,\"name\":\"Die Eifel-Mosel ist mein 6er im Lotto\"}]},{\"@type\":\"WebSite\",\"@id\":\"https:\/\/yvonnelamberty.com\/transzendenz\/#website\",\"url\":\"https:\/\/yvonnelamberty.com\/transzendenz\/\",\"name\":\"Yvonne Lamberty\",\"description\":\"Yvonne Lamberty\",\"publisher\":{\"@id\":\"https:\/\/yvonnelamberty.com\/transzendenz\/#organization\"},\"potentialAction\":[{\"@type\":\"SearchAction\",\"target\":{\"@type\":\"EntryPoint\",\"urlTemplate\":\"https:\/\/yvonnelamberty.com\/transzendenz\/?s={search_term_string}\"},\"query-input\":\"required name=search_term_string\"}],\"inLanguage\":\"de\"},{\"@type\":\"Organization\",\"@id\":\"https:\/\/yvonnelamberty.com\/transzendenz\/#organization\",\"name\":\"Yvonne Lamberty\",\"url\":\"https:\/\/yvonnelamberty.com\/transzendenz\/\",\"sameAs\":[],\"logo\":{\"@type\":\"ImageObject\",\"inLanguage\":\"de\",\"@id\":\"https:\/\/yvonnelamberty.com\/transzendenz\/#\/schema\/logo\/image\/\",\"url\":\"https:\/\/yvonnelamberty.com\/wp-content\/uploads\/2022\/07\/Yvonne_Lamberty_Logo.jpg\",\"contentUrl\":\"https:\/\/yvonnelamberty.com\/wp-content\/uploads\/2022\/07\/Yvonne_Lamberty_Logo.jpg\",\"width\":596,\"height\":174,\"caption\":\"Yvonne Lamberty\"},\"image\":{\"@id\":\"https:\/\/yvonnelamberty.com\/transzendenz\/#\/schema\/logo\/image\/\"}},{\"@type\":\"Person\",\"@id\":\"https:\/\/yvonnelamberty.com\/transzendenz\/#\/schema\/person\/428b3333f648db7c253cdd46e5cd5eac\",\"name\":\"Yvonne Lamberty\",\"image\":{\"@type\":\"ImageObject\",\"inLanguage\":\"de\",\"@id\":\"https:\/\/yvonnelamberty.com\/transzendenz\/#\/schema\/person\/image\/\",\"url\":\"https:\/\/secure.gravatar.com\/avatar\/b8173e7cc1af324776f5e26bc73ca0c8?s=96&d=mm&r=g\",\"contentUrl\":\"https:\/\/secure.gravatar.com\/avatar\/b8173e7cc1af324776f5e26bc73ca0c8?s=96&d=mm&r=g\",\"caption\":\"Yvonne Lamberty\"},\"url\":\"https:\/\/yvonnelamberty.com\/transzendenz\/author\/yvonne-lamberty\/\"}]}<\/script>\n<!-- \/ Yoast SEO plugin. -->","yoast_head_json":{"title":"Die Eifel-Mosel ist mein 6er im Lotto - Yvonne Lamberty","robots":{"index":"index","follow":"follow","max-snippet":"max-snippet:-1","max-image-preview":"max-image-preview:large","max-video-preview":"max-video-preview:-1"},"canonical":"https:\/\/yvonnelamberty.com\/transzendenz\/die-eifel-mosel-ist-mein-6er-im-lotto\/","og_locale":"de_DE","og_type":"article","og_title":"Die Eifel-Mosel ist mein 6er im Lotto - Yvonne Lamberty","og_description":"Die Eifel-Mosel ist mein 6er im Lotto \u00a0 Mein erstes Ziel ist ein Dorf in der Eifel, wo ich aufgewachsen bin. Ich sehe es als gro\u00dfes Geschenk an, dass meine lieben Eltern dort immer noch zusammen wohnen und mein Bruderherz auch nicht weit weg wohnt. Ein absolutes Highlight ist auch meine Oma Lotte (95). Mit [&hellip;]","og_url":"https:\/\/yvonnelamberty.com\/transzendenz\/die-eifel-mosel-ist-mein-6er-im-lotto\/","og_site_name":"Yvonne Lamberty","article_published_time":"2019-05-01T05:15:03+00:00","article_modified_time":"2024-12-02T07:36:28+00:00","og_image":[{"width":1025,"height":1374,"url":"https:\/\/yvonnelamberty.com\/transzendenz\/wp-content\/uploads\/2019\/12\/Blog-Eifel-Mosel-.jpg","type":"image\/jpeg"}],"author":"Yvonne Lamberty","twitter_card":"summary_large_image","twitter_misc":{"Verfasst von":"Yvonne Lamberty","Gesch\u00e4tzte Lesezeit":"3\u00a0Minuten"},"schema":{"@context":"https:\/\/schema.org","@graph":[{"@type":"Article","@id":"https:\/\/yvonnelamberty.com\/transzendenz\/die-eifel-mosel-ist-mein-6er-im-lotto\/#article","isPartOf":{"@id":"https:\/\/yvonnelamberty.com\/transzendenz\/die-eifel-mosel-ist-mein-6er-im-lotto\/"},"author":{"name":"Yvonne Lamberty","@id":"https:\/\/yvonnelamberty.com\/transzendenz\/#\/schema\/person\/428b3333f648db7c253cdd46e5cd5eac"},"headline":"Die Eifel-Mosel ist mein 6er im Lotto","datePublished":"2019-05-01T05:15:03+00:00","dateModified":"2024-12-02T07:36:28+00:00","mainEntityOfPage":{"@id":"https:\/\/yvonnelamberty.com\/transzendenz\/die-eifel-mosel-ist-mein-6er-im-lotto\/"},"wordCount":672,"commentCount":0,"publisher":{"@id":"https:\/\/yvonnelamberty.com\/transzendenz\/#organization"},"inLanguage":"de","potentialAction":[{"@type":"CommentAction","name":"Comment","target":["https:\/\/yvonnelamberty.com\/transzendenz\/die-eifel-mosel-ist-mein-6er-im-lotto\/#respond"]}]},{"@type":"WebPage","@id":"https:\/\/yvonnelamberty.com\/transzendenz\/die-eifel-mosel-ist-mein-6er-im-lotto\/","url":"https:\/\/yvonnelamberty.com\/transzendenz\/die-eifel-mosel-ist-mein-6er-im-lotto\/","name":"Die Eifel-Mosel ist mein 6er im Lotto - Yvonne Lamberty","isPartOf":{"@id":"https:\/\/yvonnelamberty.com\/transzendenz\/#website"},"datePublished":"2019-05-01T05:15:03+00:00","dateModified":"2024-12-02T07:36:28+00:00","breadcrumb":{"@id":"https:\/\/yvonnelamberty.com\/transzendenz\/die-eifel-mosel-ist-mein-6er-im-lotto\/#breadcrumb"},"inLanguage":"de","potentialAction":[{"@type":"ReadAction","target":["https:\/\/yvonnelamberty.com\/transzendenz\/die-eifel-mosel-ist-mein-6er-im-lotto\/"]}]},{"@type":"BreadcrumbList","@id":"https:\/\/yvonnelamberty.com\/transzendenz\/die-eifel-mosel-ist-mein-6er-im-lotto\/#breadcrumb","itemListElement":[{"@type":"ListItem","position":1,"name":"Startseite","item":"https:\/\/yvonnelamberty.com\/transzendenz\/"},{"@type":"ListItem","position":2,"name":"Die Eifel-Mosel ist mein 6er im Lotto"}]},{"@type":"WebSite","@id":"https:\/\/yvonnelamberty.com\/transzendenz\/#website","url":"https:\/\/yvonnelamberty.com\/transzendenz\/","name":"Yvonne Lamberty","description":"Yvonne Lamberty","publisher":{"@id":"https:\/\/yvonnelamberty.com\/transzendenz\/#organization"},"potentialAction":[{"@type":"SearchAction","target":{"@type":"EntryPoint","urlTemplate":"https:\/\/yvonnelamberty.com\/transzendenz\/?s={search_term_string}"},"query-input":"required name=search_term_string"}],"inLanguage":"de"},{"@type":"Organization","@id":"https:\/\/yvonnelamberty.com\/transzendenz\/#organization","name":"Yvonne Lamberty","url":"https:\/\/yvonnelamberty.com\/transzendenz\/","sameAs":[],"logo":{"@type":"ImageObject","inLanguage":"de","@id":"https:\/\/yvonnelamberty.com\/transzendenz\/#\/schema\/logo\/image\/","url":"https:\/\/yvonnelamberty.com\/wp-content\/uploads\/2022\/07\/Yvonne_Lamberty_Logo.jpg","contentUrl":"https:\/\/yvonnelamberty.com\/wp-content\/uploads\/2022\/07\/Yvonne_Lamberty_Logo.jpg","width":596,"height":174,"caption":"Yvonne Lamberty"},"image":{"@id":"https:\/\/yvonnelamberty.com\/transzendenz\/#\/schema\/logo\/image\/"}},{"@type":"Person","@id":"https:\/\/yvonnelamberty.com\/transzendenz\/#\/schema\/person\/428b3333f648db7c253cdd46e5cd5eac","name":"Yvonne Lamberty","image":{"@type":"ImageObject","inLanguage":"de","@id":"https:\/\/yvonnelamberty.com\/transzendenz\/#\/schema\/person\/image\/","url":"https:\/\/secure.gravatar.com\/avatar\/b8173e7cc1af324776f5e26bc73ca0c8?s=96&d=mm&r=g","contentUrl":"https:\/\/secure.gravatar.com\/avatar\/b8173e7cc1af324776f5e26bc73ca0c8?s=96&d=mm&r=g","caption":"Yvonne Lamberty"},"url":"https:\/\/yvonnelamberty.com\/transzendenz\/author\/yvonne-lamberty\/"}]}},"builder_content":"<h1>Die Eifel-Mosel ist mein 6er im Lotto<\/h1>\u00a0<p>Mein erstes Ziel ist ein Dorf in der Eifel, wo ich aufgewachsen bin. Ich sehe es als gro\u00dfes Geschenk an, dass meine lieben Eltern dort immer noch zusammen wohnen und mein Bruderherz auch nicht weit weg wohnt. Ein absolutes Highlight ist auch meine Oma Lotte (95). Mit blonder Dauerwelle und rotem Lippenstift ist sie ein Vorbild f\u00fcr mich.<\/p><p>Aber so sch\u00f6n es zuhause ist, es gibt auch immer einen Wermutstropfen.\u00a0<a href=\"https:\/\/yvonnelamberty.com\/transzendenz\/wp-content\/uploads\/2019\/05\/IMG_2971.jpg\"><img loading=\"lazy\" src=\"https:\/\/yvonnelamberty.com\/transzendenz\/wp-content\/uploads\/2019\/05\/IMG_2971-768x1024.jpg\" alt=\"\" width=\"718\" height=\"957\" \/><\/a>Denn wenn ich unter dem Dach meiner Eltern wohne, bin ich wieder 12 Jahre alt. Nicht, dass ich mich so f\u00fchle\u2026 nein ganz im Gegenteil. Doch oftmals stelle ich mir die Frage, ob meine Eltern vergessen haben, dass ich in den 80ern geboren und eigentlich schon erwachsen bin.<\/p><p>W\u00e4hrend ich das schreibe, muss ich schmunzeln. Du vielleicht auch, weil es dir vertraut ist. Mit Anfang 30 habe ich mich noch tierisch dar\u00fcber aufgeregt und mich dagegen gewehrt, zuhause wieder 12 Jahre alt zu sein. Doch mit 37 Jahren freue ich mich \u00fcber die innerliche Weisheit, auch das liebevoll anzunehmen und sie einfach so zu lassen wie sie sind.<\/p><p>Um ehrlich zu sein, finde ich das Leben bei meinen Eltern toll und fast wie in einem Detektivroman. Denn ich f\u00fchle mich ein bisschen wie Sherlock Holmes auf der Suche nach famili\u00e4ren Glaubenss\u00e4tzen und Mustern, \u00c4ngsten und Blockaden, die ich noch gerne aufl\u00f6sen m\u00f6chte, bevor ich meine Reise in den S\u00fcden antrete.<\/p><p>Meine Eltern sind echt wundervoll. Unglaublich, dass ich so ein Gl\u00fcck hatte, bei ihnen Kind sein zu d\u00fcrfen. Ich nenne sie immer \u201eMein Sechser im Lotto\u201c.<\/p><p>Wenn man \u00e4lter wird, sollte man die Verantwortung \u00fcbernehmen f\u00fcr das, was man von seinen Eltern an Denkweisen und Ansichten behalten oder aussortieren m\u00f6chte. Damit bin ich zum ersten Mal in Kontakt gekommen als ich mich vor genau 10 Jahren als K\u00fcnstlerin mit meinen Mandalas selbstst\u00e4ndig gemacht habe. Sich selbstst\u00e4ndig zu machen, obwohl man aus einer Beamtenfamilie kommt, bedeutet wirklich aus dem Sicherheitsdenken auszubrechen.<\/p><p>Denn nur, wenn man sich von vielen alten Mustern befreit, mit denen man aufgewachsen ist, kann man seinen Weg gehen und erfolgreich in seiner Selbstst\u00e4ndigkeit sein. S\u00e4tze wie \u201ebrotlose Kunst\u201c oder \u201eK\u00fcnstler leben immer von der Hand in den Mund\u201c kenne ich sehr gut, und denen habe ich lange Glauben geschenkt. Aber lange ist eben nicht f\u00fcr immer\u2026 und somit bin ich \u00fcber die Jahre recht gut darin geworden, meine Gedanken achtsam zu \u00fcberpr\u00fcfen und auszumisten. Denn wenn man gerade als K\u00fcnstler auch anders denken will, um ganz neue Sichtweisen zu erlangen und auch auf anderen Wegen zu gehen, muss man st\u00e4ndig seine Komfortzone \u00fcberlisten.<\/p><p>Diese Reise, die noch vor mir liegt, ist auch, ehrlich gesagt, eine Mutprobe. Denn ich gehe nun endlich einem lang ersehnten Traum nach, den ich seit Jahren vor mir her schiebe und immer gesagt habe \u201eirgendwann\u201c. Hast du auch einen Traum? Wenn ja, wann ist f\u00fcr dich eigentlich irgendwann?<\/p><p><a href=\"https:\/\/yvonnelamberty.com\/transzendenz\/wp-content\/uploads\/2019\/05\/0CD536E1-FAEE-4852-8891-054B05C88D21.jpeg\"><img loading=\"lazy\" src=\"https:\/\/yvonnelamberty.com\/transzendenz\/wp-content\/uploads\/2019\/05\/0CD536E1-FAEE-4852-8891-054B05C88D21-224x300.jpeg\" alt=\"\" width=\"288\" height=\"386\" \/><\/a>Tr\u00e4ume sind wirklich da, um gelebt zu werden, und es braucht auch immer Mut, um sie umzusetzen oder ihnen nachzugehen. Ich sehe meine Reise nicht als romantisches Wunschbild vom Reisen \u2013 ich sehe auch die Einsamkeit beim Reisen und auch weitere H\u00fcrden. Es kann einfach ALLES und auch NICHTS passieren. Ich lasse mich wirklich treiben \u2013 ohne gro\u00dfen Plan. Ich bin schon aufgeregt und habe Bammel, wenn ich nur daran denke, diese Fahrt ganz alleine auf mich zu nehmen. Diesem \u201eBammel\u201c werde ich tief in die Augen schauen, denn ich bin rebellisch. Ich mache gerne das, was mich im Inneren am meisten nervt, damit ich es los werde, um frei zu sein. Meine Kreativit\u00e4t ist mir dabei das beste Werkzeug.<\/p><p>Du wirst von mir einen ganz authentischen Bericht bekommen von der Erf\u00fcllung meines Traumes und was mich bewegt und mir so durch den Kopf jagt. Doch jetzt gr\u00fc\u00dfe ich dich noch einmal ganz herzlich aus der Eifel.<\/p><p>Deine Yvonne<\/p>","_links":{"self":[{"href":"https:\/\/yvonnelamberty.com\/transzendenz\/wp-json\/wp\/v2\/posts\/428"}],"collection":[{"href":"https:\/\/yvonnelamberty.com\/transzendenz\/wp-json\/wp\/v2\/posts"}],"about":[{"href":"https:\/\/yvonnelamberty.com\/transzendenz\/wp-json\/wp\/v2\/types\/post"}],"author":[{"embeddable":true,"href":"https:\/\/yvonnelamberty.com\/transzendenz\/wp-json\/wp\/v2\/users\/3"}],"replies":[{"embeddable":true,"href":"https:\/\/yvonnelamberty.com\/transzendenz\/wp-json\/wp\/v2\/comments?post=428"}],"version-history":[{"count":5,"href":"https:\/\/yvonnelamberty.com\/transzendenz\/wp-json\/wp\/v2\/posts\/428\/revisions"}],"predecessor-version":[{"id":4585,"href":"https:\/\/yvonnelamberty.com\/transzendenz\/wp-json\/wp\/v2\/posts\/428\/revisions\/4585"}],"wp:featuredmedia":[{"embeddable":true,"href":"https:\/\/yvonnelamberty.com\/transzendenz\/wp-json\/wp\/v2\/media\/571"}],"wp:attachment":[{"href":"https:\/\/yvonnelamberty.com\/transzendenz\/wp-json\/wp\/v2\/media?parent=428"}],"wp:term":[{"taxonomy":"category","embeddable":true,"href":"https:\/\/yvonnelamberty.com\/transzendenz\/wp-json\/wp\/v2\/categories?post=428"},{"taxonomy":"post_tag","embeddable":true,"href":"https:\/\/yvonnelamberty.com\/transzendenz\/wp-json\/wp\/v2\/tags?post=428"}],"curies":[{"name":"wp","href":"https:\/\/api.w.org\/{rel}","templated":true}]}}