{"id":416,"date":"2019-05-14T07:12:13","date_gmt":"2019-05-14T05:12:13","guid":{"rendered":"http:\/\/wp1067596.server-he.de\/yvonnelamberty_neu_2019\/wordpress\/?p=416"},"modified":"2019-12-08T23:30:05","modified_gmt":"2019-12-08T22:30:05","slug":"eifel-eat","status":"publish","type":"post","link":"https:\/\/yvonnelamberty.com\/transzendenz\/eifel-eat\/","title":{"rendered":"Eifel = Eat"},"content":{"rendered":"<!--themify_builder_content-->\n<div id=\"themify_builder_content-416\" data-postid=\"416\" class=\"themify_builder_content themify_builder_content-416 themify_builder tf_clear\">\n    \t<!-- module_row -->\n\t<div  data-lazy=\"1\" class=\"module_row themify_builder_row tb_mx41256 tb_first tf_clearfix\">\n\t    \t\t<div class=\"row_inner col_align_top col-count-1 tf_box tf_w tf_rel\">\n\t\t\t<div  data-lazy=\"1\" class=\"module_column tb-column col-full first tb_24vp257 tf_box\">\n\t\t\t    \t        <div class=\"tb-column-inner tf_box tf_w\">\n\t\t    <!-- module text -->\n<div  class=\"module module-text tb_gsfg621   \" data-lazy=\"1\">\n        <div  class=\"tb_text_wrap\">\n    <div class=\"heading-text el-text\"><h1 class=\"font-505693 fontsize-211040 text-color-wvjs-color\">Eifel = Eat<\/h1><\/div><div class=\"clear\">\u00a0<\/div><div class=\"uncode_text_column\"><div class=\"\"><span class=\"\">mein Blog hat nun wirklich nichts mit dem Buch EAT PRAY LOVE gemeinsam, au\u00dfer dass es ein Reisebericht ist. Denn wie schon im ersten Blog-Eintrag erw\u00e4hnt, ist meine Liebe auf Bali zu Ende gegangen. Jedoch gibt es tats\u00e4chlich gerade eine Parallele die mich sehr am\u00fcsiert.<\/span><\/div><div class=\"\"><span class=\"\">\u00a0<\/span><\/div><div class=\"\"><span class=\"\">Wo ich jetzt eine Woche in der Eifel im Haus mit meinen Eltern lebe, f\u00fchle ich mich, als ob ich im ersten Kapitel der Buches \u00a0\u201eEAT\u201c w\u00e4re. Bald passe ich wohl auch nicht mehr in meine Jeans, wie Julia Roberts im der Verfilmung des Buches und es ist mir genauso egal. Denn ich geniesse es, dass meine Mutter so lecker kocht und mir immer eine Extraportion gibt und wenn ich dann noch alte Freunde Abends treffe, haben die meistens auch noch etwas gekocht oder vorbereitet. Es ist sch\u00f6n hier zu sein aber ich erkenne auch, warum ich damals mit 18 Jahren hier so schnell wie m\u00f6glich weg wollte. Ich f\u00fchle mich eingeengt. Das ist gar nicht b\u00f6se oder negativ gemeint. Aber die Anonymit\u00e4t in der Stadt Hamburg hat mir immer sehr gefallen und mir geholfen mich freier als K\u00fcnstlerin zu entfalten. Das \u201eWAS DENKEN DENN DIE LEUTE?\u201c ist immer Teil des Dorflebens. Hier wird auch viel im Au\u00dfen bewertet und dar\u00fcber gesprochen. Jedes Kilo was der Eine zugenommen hat, wie der man aussieht, oder wer gerade in aller Munde ist, weil das Schicksal zugeschlagen hat. Dieses Bewertesysthem habe ich lange in mir gehabt und ich habe es m\u00fchsam \u00fcber die Jahre so gut es geht liebevoll losgelassen. Denn es st\u00f6rt mich beim Philosophieren mit dem Leben.\u00a0Dies hat mir so viel Platz gebracht, mich mit sch\u00f6nen Gedankenprozessen zu besch\u00e4ftigen. Da war auf einmal viel mehr Luft und Raum f\u00fcr Kreativit\u00e4t , Phantasie und meine Intuition.\u00a0<\/span><\/div><div class=\"\"><span class=\"\">\u00a0<\/span><\/div><div class=\"\"><span class=\"\">Aber ich muss dir eins sagen. Es ist auch sehr sch\u00f6n in diesem Dorf zu sein. Jeder achtet auf einen. Die Menschen sind hier hilfsbereit, kommunikativ, herzlich und liebevoll und ich glaube wenn es hart auf hart kommt, halten sie auch zusammen. Noch wenige Tage bleibe ich hier in der Eifel und ich habe noch GAR NIX geplant. Ich weiss nur eins: Mein erster Step wird S\u00fcdfrankreich sein. Ich freue mich schon sehr darauf, zumal ich auch sehe, wie entspannt meine Katze Maevy sich hier bei meinem Eltern wohl f\u00fchlt. Da kann ich ruhigen Gewissens losfahren. Ich freue mich schon sehr dich dabei mitzunehmen.\u00a0<\/span><\/div><div class=\"\"><span class=\"\">\u00a0<\/span><\/div><div class=\"\"><span class=\"\">Deine Yvonne<\/span><\/div><\/div>    <\/div>\n<\/div>\n<!-- \/module text -->\t        <\/div>\n\t    \t<\/div>\n\t\t    <\/div>\n\t    <!-- \/row_inner -->\n\t<\/div>\n\t<!-- \/module_row -->\n\t<\/div>\n<!--\/themify_builder_content-->","protected":false},"excerpt":{"rendered":"<p>Eifel = Eat\u00a0mein Blog hat nun wirklich nichts mit dem Buch EAT PRAY LOVE gemeinsam, au\u00dfer dass es ein Reisebericht ist. Denn wie schon im ersten Blog-Eintrag erw\u00e4hnt, ist meine Liebe auf Bali zu Ende gegangen. Jedoch gibt es tats\u00e4chlich gerade eine Parallele die mich sehr am\u00fcsiert.\u00a0Wo ich jetzt eine Woche in der Eifel im [&hellip;]<\/p>\n","protected":false},"author":3,"featured_media":577,"comment_status":"open","ping_status":"open","sticky":false,"template":"","format":"standard","meta":[],"categories":[1],"tags":[],"yoast_head":"<!-- This site is optimized with the Yoast SEO plugin v19.6.1 - https:\/\/yoast.com\/wordpress\/plugins\/seo\/ -->\n<title>Eifel = Eat - Yvonne Lamberty<\/title>\n<meta name=\"robots\" content=\"index, follow, max-snippet:-1, max-image-preview:large, max-video-preview:-1\" \/>\n<link rel=\"canonical\" href=\"https:\/\/yvonnelamberty.com\/transzendenz\/eifel-eat\/\" \/>\n<meta property=\"og:locale\" content=\"de_DE\" \/>\n<meta property=\"og:type\" content=\"article\" \/>\n<meta property=\"og:title\" content=\"Eifel = Eat - Yvonne Lamberty\" \/>\n<meta property=\"og:description\" content=\"Eifel = Eat\u00a0mein Blog hat nun wirklich nichts mit dem Buch EAT PRAY LOVE gemeinsam, au\u00dfer dass es ein Reisebericht ist. Denn wie schon im ersten Blog-Eintrag erw\u00e4hnt, ist meine Liebe auf Bali zu Ende gegangen. Jedoch gibt es tats\u00e4chlich gerade eine Parallele die mich sehr am\u00fcsiert.\u00a0Wo ich jetzt eine Woche in der Eifel im [&hellip;]\" \/>\n<meta property=\"og:url\" content=\"https:\/\/yvonnelamberty.com\/transzendenz\/eifel-eat\/\" \/>\n<meta property=\"og:site_name\" content=\"Yvonne Lamberty\" \/>\n<meta property=\"article:published_time\" content=\"2019-05-14T05:12:13+00:00\" \/>\n<meta property=\"article:modified_time\" content=\"2019-12-08T22:30:05+00:00\" \/>\n<meta property=\"og:image\" content=\"https:\/\/yvonnelamberty.com\/transzendenz\/wp-content\/uploads\/2019\/12\/Blog-Elfel-Eat-.jpg\" \/>\n\t<meta property=\"og:image:width\" content=\"776\" \/>\n\t<meta property=\"og:image:height\" content=\"828\" \/>\n\t<meta property=\"og:image:type\" content=\"image\/jpeg\" \/>\n<meta name=\"author\" content=\"Yvonne Lamberty\" \/>\n<meta name=\"twitter:card\" content=\"summary_large_image\" \/>\n<meta name=\"twitter:label1\" content=\"Verfasst von\" \/>\n\t<meta name=\"twitter:data1\" content=\"Yvonne Lamberty\" \/>\n<script type=\"application\/ld+json\" class=\"yoast-schema-graph\">{\"@context\":\"https:\/\/schema.org\",\"@graph\":[{\"@type\":\"Article\",\"@id\":\"https:\/\/yvonnelamberty.com\/transzendenz\/eifel-eat\/#article\",\"isPartOf\":{\"@id\":\"https:\/\/yvonnelamberty.com\/transzendenz\/eifel-eat\/\"},\"author\":{\"name\":\"Yvonne Lamberty\",\"@id\":\"https:\/\/yvonnelamberty.com\/transzendenz\/#\/schema\/person\/428b3333f648db7c253cdd46e5cd5eac\"},\"headline\":\"Eifel = Eat\",\"datePublished\":\"2019-05-14T05:12:13+00:00\",\"dateModified\":\"2019-12-08T22:30:05+00:00\",\"mainEntityOfPage\":{\"@id\":\"https:\/\/yvonnelamberty.com\/transzendenz\/eifel-eat\/\"},\"wordCount\":2,\"commentCount\":0,\"publisher\":{\"@id\":\"https:\/\/yvonnelamberty.com\/transzendenz\/#organization\"},\"inLanguage\":\"de\",\"potentialAction\":[{\"@type\":\"CommentAction\",\"name\":\"Comment\",\"target\":[\"https:\/\/yvonnelamberty.com\/transzendenz\/eifel-eat\/#respond\"]}]},{\"@type\":\"WebPage\",\"@id\":\"https:\/\/yvonnelamberty.com\/transzendenz\/eifel-eat\/\",\"url\":\"https:\/\/yvonnelamberty.com\/transzendenz\/eifel-eat\/\",\"name\":\"Eifel = Eat - Yvonne Lamberty\",\"isPartOf\":{\"@id\":\"https:\/\/yvonnelamberty.com\/transzendenz\/#website\"},\"datePublished\":\"2019-05-14T05:12:13+00:00\",\"dateModified\":\"2019-12-08T22:30:05+00:00\",\"breadcrumb\":{\"@id\":\"https:\/\/yvonnelamberty.com\/transzendenz\/eifel-eat\/#breadcrumb\"},\"inLanguage\":\"de\",\"potentialAction\":[{\"@type\":\"ReadAction\",\"target\":[\"https:\/\/yvonnelamberty.com\/transzendenz\/eifel-eat\/\"]}]},{\"@type\":\"BreadcrumbList\",\"@id\":\"https:\/\/yvonnelamberty.com\/transzendenz\/eifel-eat\/#breadcrumb\",\"itemListElement\":[{\"@type\":\"ListItem\",\"position\":1,\"name\":\"Startseite\",\"item\":\"https:\/\/yvonnelamberty.com\/transzendenz\/\"},{\"@type\":\"ListItem\",\"position\":2,\"name\":\"Eifel = Eat\"}]},{\"@type\":\"WebSite\",\"@id\":\"https:\/\/yvonnelamberty.com\/transzendenz\/#website\",\"url\":\"https:\/\/yvonnelamberty.com\/transzendenz\/\",\"name\":\"Yvonne Lamberty\",\"description\":\"Yvonne Lamberty\",\"publisher\":{\"@id\":\"https:\/\/yvonnelamberty.com\/transzendenz\/#organization\"},\"potentialAction\":[{\"@type\":\"SearchAction\",\"target\":{\"@type\":\"EntryPoint\",\"urlTemplate\":\"https:\/\/yvonnelamberty.com\/transzendenz\/?s={search_term_string}\"},\"query-input\":\"required name=search_term_string\"}],\"inLanguage\":\"de\"},{\"@type\":\"Organization\",\"@id\":\"https:\/\/yvonnelamberty.com\/transzendenz\/#organization\",\"name\":\"Yvonne Lamberty\",\"url\":\"https:\/\/yvonnelamberty.com\/transzendenz\/\",\"sameAs\":[],\"logo\":{\"@type\":\"ImageObject\",\"inLanguage\":\"de\",\"@id\":\"https:\/\/yvonnelamberty.com\/transzendenz\/#\/schema\/logo\/image\/\",\"url\":\"https:\/\/yvonnelamberty.com\/wp-content\/uploads\/2022\/07\/Yvonne_Lamberty_Logo.jpg\",\"contentUrl\":\"https:\/\/yvonnelamberty.com\/wp-content\/uploads\/2022\/07\/Yvonne_Lamberty_Logo.jpg\",\"width\":596,\"height\":174,\"caption\":\"Yvonne Lamberty\"},\"image\":{\"@id\":\"https:\/\/yvonnelamberty.com\/transzendenz\/#\/schema\/logo\/image\/\"}},{\"@type\":\"Person\",\"@id\":\"https:\/\/yvonnelamberty.com\/transzendenz\/#\/schema\/person\/428b3333f648db7c253cdd46e5cd5eac\",\"name\":\"Yvonne Lamberty\",\"image\":{\"@type\":\"ImageObject\",\"inLanguage\":\"de\",\"@id\":\"https:\/\/yvonnelamberty.com\/transzendenz\/#\/schema\/person\/image\/\",\"url\":\"https:\/\/secure.gravatar.com\/avatar\/b8173e7cc1af324776f5e26bc73ca0c8?s=96&d=mm&r=g\",\"contentUrl\":\"https:\/\/secure.gravatar.com\/avatar\/b8173e7cc1af324776f5e26bc73ca0c8?s=96&d=mm&r=g\",\"caption\":\"Yvonne Lamberty\"},\"url\":\"https:\/\/yvonnelamberty.com\/transzendenz\/author\/yvonne-lamberty\/\"}]}<\/script>\n<!-- \/ Yoast SEO plugin. -->","yoast_head_json":{"title":"Eifel = Eat - Yvonne Lamberty","robots":{"index":"index","follow":"follow","max-snippet":"max-snippet:-1","max-image-preview":"max-image-preview:large","max-video-preview":"max-video-preview:-1"},"canonical":"https:\/\/yvonnelamberty.com\/transzendenz\/eifel-eat\/","og_locale":"de_DE","og_type":"article","og_title":"Eifel = Eat - Yvonne Lamberty","og_description":"Eifel = Eat\u00a0mein Blog hat nun wirklich nichts mit dem Buch EAT PRAY LOVE gemeinsam, au\u00dfer dass es ein Reisebericht ist. Denn wie schon im ersten Blog-Eintrag erw\u00e4hnt, ist meine Liebe auf Bali zu Ende gegangen. Jedoch gibt es tats\u00e4chlich gerade eine Parallele die mich sehr am\u00fcsiert.\u00a0Wo ich jetzt eine Woche in der Eifel im [&hellip;]","og_url":"https:\/\/yvonnelamberty.com\/transzendenz\/eifel-eat\/","og_site_name":"Yvonne Lamberty","article_published_time":"2019-05-14T05:12:13+00:00","article_modified_time":"2019-12-08T22:30:05+00:00","og_image":[{"width":776,"height":828,"url":"https:\/\/yvonnelamberty.com\/transzendenz\/wp-content\/uploads\/2019\/12\/Blog-Elfel-Eat-.jpg","type":"image\/jpeg"}],"author":"Yvonne Lamberty","twitter_card":"summary_large_image","twitter_misc":{"Verfasst von":"Yvonne Lamberty"},"schema":{"@context":"https:\/\/schema.org","@graph":[{"@type":"Article","@id":"https:\/\/yvonnelamberty.com\/transzendenz\/eifel-eat\/#article","isPartOf":{"@id":"https:\/\/yvonnelamberty.com\/transzendenz\/eifel-eat\/"},"author":{"name":"Yvonne Lamberty","@id":"https:\/\/yvonnelamberty.com\/transzendenz\/#\/schema\/person\/428b3333f648db7c253cdd46e5cd5eac"},"headline":"Eifel = Eat","datePublished":"2019-05-14T05:12:13+00:00","dateModified":"2019-12-08T22:30:05+00:00","mainEntityOfPage":{"@id":"https:\/\/yvonnelamberty.com\/transzendenz\/eifel-eat\/"},"wordCount":2,"commentCount":0,"publisher":{"@id":"https:\/\/yvonnelamberty.com\/transzendenz\/#organization"},"inLanguage":"de","potentialAction":[{"@type":"CommentAction","name":"Comment","target":["https:\/\/yvonnelamberty.com\/transzendenz\/eifel-eat\/#respond"]}]},{"@type":"WebPage","@id":"https:\/\/yvonnelamberty.com\/transzendenz\/eifel-eat\/","url":"https:\/\/yvonnelamberty.com\/transzendenz\/eifel-eat\/","name":"Eifel = Eat - Yvonne Lamberty","isPartOf":{"@id":"https:\/\/yvonnelamberty.com\/transzendenz\/#website"},"datePublished":"2019-05-14T05:12:13+00:00","dateModified":"2019-12-08T22:30:05+00:00","breadcrumb":{"@id":"https:\/\/yvonnelamberty.com\/transzendenz\/eifel-eat\/#breadcrumb"},"inLanguage":"de","potentialAction":[{"@type":"ReadAction","target":["https:\/\/yvonnelamberty.com\/transzendenz\/eifel-eat\/"]}]},{"@type":"BreadcrumbList","@id":"https:\/\/yvonnelamberty.com\/transzendenz\/eifel-eat\/#breadcrumb","itemListElement":[{"@type":"ListItem","position":1,"name":"Startseite","item":"https:\/\/yvonnelamberty.com\/transzendenz\/"},{"@type":"ListItem","position":2,"name":"Eifel = Eat"}]},{"@type":"WebSite","@id":"https:\/\/yvonnelamberty.com\/transzendenz\/#website","url":"https:\/\/yvonnelamberty.com\/transzendenz\/","name":"Yvonne Lamberty","description":"Yvonne Lamberty","publisher":{"@id":"https:\/\/yvonnelamberty.com\/transzendenz\/#organization"},"potentialAction":[{"@type":"SearchAction","target":{"@type":"EntryPoint","urlTemplate":"https:\/\/yvonnelamberty.com\/transzendenz\/?s={search_term_string}"},"query-input":"required name=search_term_string"}],"inLanguage":"de"},{"@type":"Organization","@id":"https:\/\/yvonnelamberty.com\/transzendenz\/#organization","name":"Yvonne Lamberty","url":"https:\/\/yvonnelamberty.com\/transzendenz\/","sameAs":[],"logo":{"@type":"ImageObject","inLanguage":"de","@id":"https:\/\/yvonnelamberty.com\/transzendenz\/#\/schema\/logo\/image\/","url":"https:\/\/yvonnelamberty.com\/wp-content\/uploads\/2022\/07\/Yvonne_Lamberty_Logo.jpg","contentUrl":"https:\/\/yvonnelamberty.com\/wp-content\/uploads\/2022\/07\/Yvonne_Lamberty_Logo.jpg","width":596,"height":174,"caption":"Yvonne Lamberty"},"image":{"@id":"https:\/\/yvonnelamberty.com\/transzendenz\/#\/schema\/logo\/image\/"}},{"@type":"Person","@id":"https:\/\/yvonnelamberty.com\/transzendenz\/#\/schema\/person\/428b3333f648db7c253cdd46e5cd5eac","name":"Yvonne Lamberty","image":{"@type":"ImageObject","inLanguage":"de","@id":"https:\/\/yvonnelamberty.com\/transzendenz\/#\/schema\/person\/image\/","url":"https:\/\/secure.gravatar.com\/avatar\/b8173e7cc1af324776f5e26bc73ca0c8?s=96&d=mm&r=g","contentUrl":"https:\/\/secure.gravatar.com\/avatar\/b8173e7cc1af324776f5e26bc73ca0c8?s=96&d=mm&r=g","caption":"Yvonne Lamberty"},"url":"https:\/\/yvonnelamberty.com\/transzendenz\/author\/yvonne-lamberty\/"}]}},"builder_content":"<h1>Eifel = Eat<\/h1>\u00a0mein Blog hat nun wirklich nichts mit dem Buch EAT PRAY LOVE gemeinsam, au\u00dfer dass es ein Reisebericht ist. Denn wie schon im ersten Blog-Eintrag erw\u00e4hnt, ist meine Liebe auf Bali zu Ende gegangen. Jedoch gibt es tats\u00e4chlich gerade eine Parallele die mich sehr am\u00fcsiert.\u00a0Wo ich jetzt eine Woche in der Eifel im Haus mit meinen Eltern lebe, f\u00fchle ich mich, als ob ich im ersten Kapitel der Buches \u00a0\u201eEAT\u201c w\u00e4re. Bald passe ich wohl auch nicht mehr in meine Jeans, wie Julia Roberts im der Verfilmung des Buches und es ist mir genauso egal. Denn ich geniesse es, dass meine Mutter so lecker kocht und mir immer eine Extraportion gibt und wenn ich dann noch alte Freunde Abends treffe, haben die meistens auch noch etwas gekocht oder vorbereitet. Es ist sch\u00f6n hier zu sein aber ich erkenne auch, warum ich damals mit 18 Jahren hier so schnell wie m\u00f6glich weg wollte. Ich f\u00fchle mich eingeengt. Das ist gar nicht b\u00f6se oder negativ gemeint. Aber die Anonymit\u00e4t in der Stadt Hamburg hat mir immer sehr gefallen und mir geholfen mich freier als K\u00fcnstlerin zu entfalten. Das \u201eWAS DENKEN DENN DIE LEUTE?\u201c ist immer Teil des Dorflebens. Hier wird auch viel im Au\u00dfen bewertet und dar\u00fcber gesprochen. Jedes Kilo was der Eine zugenommen hat, wie der man aussieht, oder wer gerade in aller Munde ist, weil das Schicksal zugeschlagen hat. Dieses Bewertesysthem habe ich lange in mir gehabt und ich habe es m\u00fchsam \u00fcber die Jahre so gut es geht liebevoll losgelassen. Denn es st\u00f6rt mich beim Philosophieren mit dem Leben.\u00a0Dies hat mir so viel Platz gebracht, mich mit sch\u00f6nen Gedankenprozessen zu besch\u00e4ftigen. Da war auf einmal viel mehr Luft und Raum f\u00fcr Kreativit\u00e4t , Phantasie und meine Intuition.\u00a0\u00a0Aber ich muss dir eins sagen. Es ist auch sehr sch\u00f6n in diesem Dorf zu sein. Jeder achtet auf einen. Die Menschen sind hier hilfsbereit, kommunikativ, herzlich und liebevoll und ich glaube wenn es hart auf hart kommt, halten sie auch zusammen. Noch wenige Tage bleibe ich hier in der Eifel und ich habe noch GAR NIX geplant. Ich weiss nur eins: Mein erster Step wird S\u00fcdfrankreich sein. Ich freue mich schon sehr darauf, zumal ich auch sehe, wie entspannt meine Katze Maevy sich hier bei meinem Eltern wohl f\u00fchlt. Da kann ich ruhigen Gewissens losfahren. Ich freue mich schon sehr dich dabei mitzunehmen.\u00a0\u00a0Deine Yvonne","_links":{"self":[{"href":"https:\/\/yvonnelamberty.com\/transzendenz\/wp-json\/wp\/v2\/posts\/416"}],"collection":[{"href":"https:\/\/yvonnelamberty.com\/transzendenz\/wp-json\/wp\/v2\/posts"}],"about":[{"href":"https:\/\/yvonnelamberty.com\/transzendenz\/wp-json\/wp\/v2\/types\/post"}],"author":[{"embeddable":true,"href":"https:\/\/yvonnelamberty.com\/transzendenz\/wp-json\/wp\/v2\/users\/3"}],"replies":[{"embeddable":true,"href":"https:\/\/yvonnelamberty.com\/transzendenz\/wp-json\/wp\/v2\/comments?post=416"}],"version-history":[{"count":4,"href":"https:\/\/yvonnelamberty.com\/transzendenz\/wp-json\/wp\/v2\/posts\/416\/revisions"}],"predecessor-version":[{"id":578,"href":"https:\/\/yvonnelamberty.com\/transzendenz\/wp-json\/wp\/v2\/posts\/416\/revisions\/578"}],"wp:featuredmedia":[{"embeddable":true,"href":"https:\/\/yvonnelamberty.com\/transzendenz\/wp-json\/wp\/v2\/media\/577"}],"wp:attachment":[{"href":"https:\/\/yvonnelamberty.com\/transzendenz\/wp-json\/wp\/v2\/media?parent=416"}],"wp:term":[{"taxonomy":"category","embeddable":true,"href":"https:\/\/yvonnelamberty.com\/transzendenz\/wp-json\/wp\/v2\/categories?post=416"},{"taxonomy":"post_tag","embeddable":true,"href":"https:\/\/yvonnelamberty.com\/transzendenz\/wp-json\/wp\/v2\/tags?post=416"}],"curies":[{"name":"wp","href":"https:\/\/api.w.org\/{rel}","templated":true}]}}