{"id":411,"date":"2019-05-18T07:10:00","date_gmt":"2019-05-18T05:10:00","guid":{"rendered":"http:\/\/wp1067596.server-he.de\/yvonnelamberty_neu_2019\/wordpress\/?p=411"},"modified":"2019-12-08T23:30:00","modified_gmt":"2019-12-08T22:30:00","slug":"ich-war-schonmal-hier","status":"publish","type":"post","link":"https:\/\/yvonnelamberty.com\/transzendenz\/ich-war-schonmal-hier\/","title":{"rendered":"Ich war schonmal hier\u2026."},"content":{"rendered":"<!--themify_builder_content-->\n<div id=\"themify_builder_content-411\" data-postid=\"411\" class=\"themify_builder_content themify_builder_content-411 themify_builder tf_clear\">\n    \t<!-- module_row -->\n\t<div  data-lazy=\"1\" class=\"module_row themify_builder_row tb_qhvs214 tb_first tf_clearfix\">\n\t    \t\t<div class=\"row_inner col_align_top col-count-1 tf_box tf_w tf_rel\">\n\t\t\t<div  data-lazy=\"1\" class=\"module_column tb-column col-full first tb_lhxg216 tf_box\">\n\t\t\t    \t        <div class=\"tb-column-inner tf_box tf_w\">\n\t\t    <!-- module text -->\n<div  class=\"module module-text tb_fylr945   \" data-lazy=\"1\">\n        <div  class=\"tb_text_wrap\">\n    <div class=\"post-title-wrapper\"><h1 class=\"post-title\">Ich war schonmal hier\u2026.<\/h1><\/div><p>Nachdem ich mich gestern etwas ausgeruht habe, ging es heute in die Calanque zum wandern und malen. Ich habe meine Aquarell-Sachen eingepackt. Die Calanque sind bekannt f\u00fcr ihre weissen Kalkfelsen in Kombination mit dem t\u00fcrkisfarbenen Meer. Hinzu kommt die unfassbar sch\u00f6ne Wildnis der Natur.<span class=\"Apple-converted-space\">\u00a0<a href=\"https:\/\/yvonnelamberty.com\/wp-content\/uploads\/2019\/05\/IMG_3109.jpg\"><img loading=\"lazy\" class=\"size-medium wp-image-1242 alignright jetpack-lazy-image jetpack-lazy-image--handled\" src=\"https:\/\/yvonnelamberty.com\/wp-content\/uploads\/2019\/05\/IMG_3109-225x300.jpg\" sizes=\"(max-width: 225px) 100vw, 225px\" srcset=\"https:\/\/yvonnelamberty.com\/wp-content\/uploads\/2019\/05\/IMG_3109-225x300.jpg 225w, https:\/\/yvonnelamberty.com\/wp-content\/uploads\/2019\/05\/IMG_3109-768x1024.jpg 768w\" alt=\"\" width=\"225\" height=\"300\" data-lazy-loaded=\"1\" \/><\/a><\/span><\/p><p>Mein erster Halt habe ich bei der \u201eCalanque De Figuerolles\u201c gemacht. Das Besondere hier ist, dass die Felsen und Steine lila sind. Witzig, dass man es erst sieht, wenn die Steine vom Meer umsp\u00fclt werden. Durch die salzige N\u00e4sse erstrahlen unz\u00e4hlige Steine in der Farbe Lila.<span class=\"Apple-converted-space\">\u00a0<a href=\"https:\/\/yvonnelamberty.com\/wp-content\/uploads\/2019\/05\/IMG_3100.jpg\"><img loading=\"lazy\" class=\"size-medium wp-image-1241 alignleft jetpack-lazy-image jetpack-lazy-image--handled\" src=\"https:\/\/yvonnelamberty.com\/wp-content\/uploads\/2019\/05\/IMG_3100-225x300.jpg\" sizes=\"(max-width: 225px) 100vw, 225px\" srcset=\"https:\/\/yvonnelamberty.com\/wp-content\/uploads\/2019\/05\/IMG_3100-225x300.jpg 225w, https:\/\/yvonnelamberty.com\/wp-content\/uploads\/2019\/05\/IMG_3100-768x1024.jpg 768w\" alt=\"\" width=\"225\" height=\"300\" data-lazy-loaded=\"1\" \/><\/a><\/span><\/p><p>Dann bin ich weiter in die Calanque hinter dem s\u00fcssen Hafenort Cassis gewandert, Richtung Port Pin. Wie der Name schon sagt, ist diese Bucht voller Pinienw\u00e4lder und ich habe mich hier im<span class=\"Apple-converted-space\">\u00a0\u00a0<\/span>September gleich zwei mal verliebt.<span class=\"Apple-converted-space\">\u00a0\u00a0<\/span>Zum ersten Mal in die Sch\u00f6nheit dieser Natur und zum zweiten Mal in meinen Exfreund, denn ich hier kennengelernt habe.<span class=\"Apple-converted-space\">\u00a0<\/span><\/p><p>Als ich einem Kumpel heute ein Foto schickte, mit dem ich im September hier war, schrieb er mir: \u201eWarum bist du dort? \u201e und ich antwortete ihm ganz spontan: \u201e Weil ich hier zuhause bin.\u201c Nichts erinnert mich an meine zweite Liebe. Ich habe hier keine Emotionen des Herzschmerzes. Ganz im Gegenteil. Ich habe diesen Ort positiv vermisst. Diese Aussicht, diesen Duft, dieses Meer, diese B\u00e4ume, diese Felsen. Ich habe meinen Exfreund erst am letzen Tag dort getroffen. Da habe ich diese Bucht schon vorher zweimal besucht. Es ist sch\u00f6n hier zu sein und ich habe mich auf die selbe Stelle gesetzt und meine Aquarellfarben ausgepackt und einfach das gemacht, was ich schon letztes Jahr im September machen wollte: hier einfach nur malen.<span class=\"Apple-converted-space\">\u00a0<a href=\"https:\/\/yvonnelamberty.com\/wp-content\/uploads\/2019\/05\/IMG_3151.jpg\"><img loading=\"lazy\" class=\"size-medium wp-image-1246 alignleft jetpack-lazy-image jetpack-lazy-image--handled\" src=\"https:\/\/yvonnelamberty.com\/wp-content\/uploads\/2019\/05\/IMG_3151-225x300.jpg\" sizes=\"(max-width: 225px) 100vw, 225px\" srcset=\"https:\/\/yvonnelamberty.com\/wp-content\/uploads\/2019\/05\/IMG_3151-225x300.jpg 225w, https:\/\/yvonnelamberty.com\/wp-content\/uploads\/2019\/05\/IMG_3151-768x1024.jpg 768w\" alt=\"\" width=\"225\" height=\"300\" data-lazy-loaded=\"1\" \/><\/a><\/span><\/p><p>Das ich meinem Kumpel geschrieben habe \u201eWeil ich hier zuhause bin\u201c hat mich selbst \u00fcberrascht. Dieser Satz kam von ganz alleine, ohne dar\u00fcber nachzudenken. Aber dieser Ort ist mir so vertraut und strahlt eine Magie auf mich aus, der ich v\u00f6llig ergeben bin. Ich fahre nie an die selben Orte aber hier kann ich mich nicht sattsehen. Ja ja ok\u2026 das Picasso, Matisse, Van Gogh, Cezanne und Gaudin sich in der Provence auch sehr wohl gef\u00fchlt haben, habe ich irgendwann mal beil\u00e4ufig vernommen.\u00a0<a href=\"https:\/\/yvonnelamberty.com\/wp-content\/uploads\/2019\/05\/IMG_3172.jpg\"><img loading=\"lazy\" class=\"size-medium wp-image-1244 alignright jetpack-lazy-image jetpack-lazy-image--handled\" src=\"https:\/\/yvonnelamberty.com\/wp-content\/uploads\/2019\/05\/IMG_3172-300x225.jpg\" sizes=\"(max-width: 300px) 100vw, 300px\" srcset=\"https:\/\/yvonnelamberty.com\/wp-content\/uploads\/2019\/05\/IMG_3172-300x225.jpg 300w, https:\/\/yvonnelamberty.com\/wp-content\/uploads\/2019\/05\/IMG_3172-768x576.jpg 768w, https:\/\/yvonnelamberty.com\/wp-content\/uploads\/2019\/05\/IMG_3172-1024x768.jpg 1024w\" alt=\"\" width=\"300\" height=\"225\" data-lazy-loaded=\"1\" \/><\/a>Aber irgendwie kann ich sie nicht verstehen, sondern ich kann es nachf\u00fchlen. Das Licht hier ist einzigartig und es setzt auf meiner Augenlinse Kontraste an Farbt\u00f6nen frei, die ich ersteinmal einsortieren muss, weil sie mir noch so neu sind. Es ist, als k\u00f6nnte ich mehr Farben sehen als es gibt. So habe ich mich beim malen beobachtet, wie ich mehr starrte und meine Sonnenbrille zur Seite schob, als das ich malte. Wie du heraus lesen kannst, bin ich etwas fasziniert und ich hoffe es schwappt was davon bei dir r\u00fcber. Als ich im September 2018 hier am ersten Tag ankam habe ich sogar in meiner Instagram Story gesagt \u201eIch glaube ich bin verliebt\u201c als ich die Natur gefilmt habe und jetzt darf ich wieder hier sein. Daf\u00fcr bin ich unendlich dankbar. \u00a0\u00a0<a href=\"https:\/\/yvonnelamberty.com\/wp-content\/uploads\/2019\/05\/IMG_3165.jpg\"><img loading=\"lazy\" class=\"size-medium wp-image-1245 alignright jetpack-lazy-image jetpack-lazy-image--handled\" src=\"https:\/\/yvonnelamberty.com\/wp-content\/uploads\/2019\/05\/IMG_3165-225x300.jpg\" sizes=\"(max-width: 225px) 100vw, 225px\" srcset=\"https:\/\/yvonnelamberty.com\/wp-content\/uploads\/2019\/05\/IMG_3165-225x300.jpg 225w, https:\/\/yvonnelamberty.com\/wp-content\/uploads\/2019\/05\/IMG_3165-768x1024.jpg 768w\" alt=\"\" width=\"225\" height=\"300\" data-lazy-loaded=\"1\" \/><\/a><\/p><p>W\u00e4hrend ich so vor mich hin malte, kam ein netter Franzose auf mich zu und bat mir ein Glas Rotwein an. Ich nickte freundlich und verneinte\u2026 war es doch noch viel zu fr\u00fch f\u00fcr Rotwein\u2026 aber auf der anderen Seite: \u201eKann man bei einem Franzosen das Glas Rotwein ablehnen?\u201c<span class=\"Apple-converted-space\">\u00a0\u00a0<\/span>Oder dachte der: \u201e Ach so ne K\u00fcnstlerin trinkt bestimmt Einen mit\u201c ? Anway \u2026 ich entschied mich f\u00fcr die franz\u00f6sische h\u00f6fliche Variante und nahm<span class=\"Apple-converted-space\">\u00a0\u00a0<\/span>\u201eun petit peu\u201c<span class=\"Apple-converted-space\">\u00a0\u00a0<\/span>dankend an. So kamen wir ins Gespr\u00e4ch und sprachen \u00fcber alles M\u00f6gliche und ich kam nicht mehr zu malen aber hatte sehr nette Gesellschaft.<span class=\"Apple-converted-space\">\u00a0So, dass war mein heutiger Tag den ich gerne mit dir teilen wollte.\u00a0<\/span><\/p><p><span class=\"Apple-converted-space\">Ich sende dir ganz liebe\u00a0<\/span>Gr\u00fc\u00dfe aus der Provence,<\/p><p>deine Yvonne<\/p><p><a href=\"https:\/\/yvonnelamberty.com\/wp-content\/uploads\/2019\/05\/1A3F552A-3F29-46F2-89FE-B89524CD4FFB.jpg\"><img loading=\"lazy\" class=\"alignnone size-medium wp-image-1251 jetpack-lazy-image jetpack-lazy-image--handled\" src=\"https:\/\/yvonnelamberty.com\/wp-content\/uploads\/2019\/05\/1A3F552A-3F29-46F2-89FE-B89524CD4FFB-169x300.jpg\" sizes=\"(max-width: 169px) 100vw, 169px\" srcset=\"https:\/\/yvonnelamberty.com\/wp-content\/uploads\/2019\/05\/1A3F552A-3F29-46F2-89FE-B89524CD4FFB-169x300.jpg 169w, https:\/\/yvonnelamberty.com\/wp-content\/uploads\/2019\/05\/1A3F552A-3F29-46F2-89FE-B89524CD4FFB-768x1365.jpg 768w, https:\/\/yvonnelamberty.com\/wp-content\/uploads\/2019\/05\/1A3F552A-3F29-46F2-89FE-B89524CD4FFB-576x1024.jpg 576w, https:\/\/yvonnelamberty.com\/wp-content\/uploads\/2019\/05\/1A3F552A-3F29-46F2-89FE-B89524CD4FFB.jpg 1024w\" alt=\"\" width=\"169\" height=\"300\" data-lazy-loaded=\"1\" \/><\/a><\/p>    <\/div>\n<\/div>\n<!-- \/module text -->\t        <\/div>\n\t    \t<\/div>\n\t\t    <\/div>\n\t    <!-- \/row_inner -->\n\t<\/div>\n\t<!-- \/module_row -->\n\t<\/div>\n<!--\/themify_builder_content-->","protected":false},"excerpt":{"rendered":"<p>Ich war schonmal hier\u2026.Nachdem ich mich gestern etwas ausgeruht habe, ging es heute in die Calanque zum wandern und malen. Ich habe meine Aquarell-Sachen eingepackt. Die Calanque sind bekannt f\u00fcr ihre weissen Kalkfelsen in Kombination mit dem t\u00fcrkisfarbenen Meer. Hinzu kommt die unfassbar sch\u00f6ne Wildnis der Natur.\u00a0Mein erster Halt habe ich bei der \u201eCalanque De [&hellip;]<\/p>\n","protected":false},"author":3,"featured_media":581,"comment_status":"open","ping_status":"open","sticky":false,"template":"","format":"standard","meta":[],"categories":[1],"tags":[],"yoast_head":"<!-- This site is optimized with the Yoast SEO plugin v19.6.1 - https:\/\/yoast.com\/wordpress\/plugins\/seo\/ -->\n<title>Ich war schonmal hier\u2026. - Yvonne Lamberty<\/title>\n<meta name=\"robots\" content=\"index, follow, max-snippet:-1, max-image-preview:large, max-video-preview:-1\" \/>\n<link rel=\"canonical\" href=\"https:\/\/yvonnelamberty.com\/transzendenz\/ich-war-schonmal-hier\/\" \/>\n<meta property=\"og:locale\" content=\"de_DE\" \/>\n<meta property=\"og:type\" content=\"article\" \/>\n<meta property=\"og:title\" content=\"Ich war schonmal hier\u2026. - Yvonne Lamberty\" \/>\n<meta property=\"og:description\" content=\"Ich war schonmal hier\u2026.Nachdem ich mich gestern etwas ausgeruht habe, ging es heute in die Calanque zum wandern und malen. Ich habe meine Aquarell-Sachen eingepackt. Die Calanque sind bekannt f\u00fcr ihre weissen Kalkfelsen in Kombination mit dem t\u00fcrkisfarbenen Meer. Hinzu kommt die unfassbar sch\u00f6ne Wildnis der Natur.\u00a0Mein erster Halt habe ich bei der \u201eCalanque De [&hellip;]\" \/>\n<meta property=\"og:url\" content=\"https:\/\/yvonnelamberty.com\/transzendenz\/ich-war-schonmal-hier\/\" \/>\n<meta property=\"og:site_name\" content=\"Yvonne Lamberty\" \/>\n<meta property=\"article:published_time\" content=\"2019-05-18T05:10:00+00:00\" \/>\n<meta property=\"article:modified_time\" content=\"2019-12-08T22:30:00+00:00\" \/>\n<meta property=\"og:image\" content=\"https:\/\/yvonnelamberty.com\/transzendenz\/wp-content\/uploads\/2019\/05\/Ich-war-schon-hier.jpg\" \/>\n\t<meta property=\"og:image:width\" content=\"2016\" \/>\n\t<meta property=\"og:image:height\" content=\"1512\" \/>\n\t<meta property=\"og:image:type\" content=\"image\/jpeg\" \/>\n<meta name=\"author\" content=\"Yvonne Lamberty\" \/>\n<meta name=\"twitter:card\" content=\"summary_large_image\" \/>\n<meta name=\"twitter:label1\" content=\"Verfasst von\" \/>\n\t<meta name=\"twitter:data1\" content=\"Yvonne Lamberty\" \/>\n<script type=\"application\/ld+json\" class=\"yoast-schema-graph\">{\"@context\":\"https:\/\/schema.org\",\"@graph\":[{\"@type\":\"Article\",\"@id\":\"https:\/\/yvonnelamberty.com\/transzendenz\/ich-war-schonmal-hier\/#article\",\"isPartOf\":{\"@id\":\"https:\/\/yvonnelamberty.com\/transzendenz\/ich-war-schonmal-hier\/\"},\"author\":{\"name\":\"Yvonne Lamberty\",\"@id\":\"https:\/\/yvonnelamberty.com\/transzendenz\/#\/schema\/person\/428b3333f648db7c253cdd46e5cd5eac\"},\"headline\":\"Ich war schonmal hier\u2026.\",\"datePublished\":\"2019-05-18T05:10:00+00:00\",\"dateModified\":\"2019-12-08T22:30:00+00:00\",\"mainEntityOfPage\":{\"@id\":\"https:\/\/yvonnelamberty.com\/transzendenz\/ich-war-schonmal-hier\/\"},\"wordCount\":4,\"commentCount\":0,\"publisher\":{\"@id\":\"https:\/\/yvonnelamberty.com\/transzendenz\/#organization\"},\"inLanguage\":\"de\",\"potentialAction\":[{\"@type\":\"CommentAction\",\"name\":\"Comment\",\"target\":[\"https:\/\/yvonnelamberty.com\/transzendenz\/ich-war-schonmal-hier\/#respond\"]}]},{\"@type\":\"WebPage\",\"@id\":\"https:\/\/yvonnelamberty.com\/transzendenz\/ich-war-schonmal-hier\/\",\"url\":\"https:\/\/yvonnelamberty.com\/transzendenz\/ich-war-schonmal-hier\/\",\"name\":\"Ich war schonmal hier\u2026. - Yvonne Lamberty\",\"isPartOf\":{\"@id\":\"https:\/\/yvonnelamberty.com\/transzendenz\/#website\"},\"datePublished\":\"2019-05-18T05:10:00+00:00\",\"dateModified\":\"2019-12-08T22:30:00+00:00\",\"breadcrumb\":{\"@id\":\"https:\/\/yvonnelamberty.com\/transzendenz\/ich-war-schonmal-hier\/#breadcrumb\"},\"inLanguage\":\"de\",\"potentialAction\":[{\"@type\":\"ReadAction\",\"target\":[\"https:\/\/yvonnelamberty.com\/transzendenz\/ich-war-schonmal-hier\/\"]}]},{\"@type\":\"BreadcrumbList\",\"@id\":\"https:\/\/yvonnelamberty.com\/transzendenz\/ich-war-schonmal-hier\/#breadcrumb\",\"itemListElement\":[{\"@type\":\"ListItem\",\"position\":1,\"name\":\"Startseite\",\"item\":\"https:\/\/yvonnelamberty.com\/transzendenz\/\"},{\"@type\":\"ListItem\",\"position\":2,\"name\":\"Ich war schonmal hier\u2026.\"}]},{\"@type\":\"WebSite\",\"@id\":\"https:\/\/yvonnelamberty.com\/transzendenz\/#website\",\"url\":\"https:\/\/yvonnelamberty.com\/transzendenz\/\",\"name\":\"Yvonne Lamberty\",\"description\":\"Yvonne Lamberty\",\"publisher\":{\"@id\":\"https:\/\/yvonnelamberty.com\/transzendenz\/#organization\"},\"potentialAction\":[{\"@type\":\"SearchAction\",\"target\":{\"@type\":\"EntryPoint\",\"urlTemplate\":\"https:\/\/yvonnelamberty.com\/transzendenz\/?s={search_term_string}\"},\"query-input\":\"required name=search_term_string\"}],\"inLanguage\":\"de\"},{\"@type\":\"Organization\",\"@id\":\"https:\/\/yvonnelamberty.com\/transzendenz\/#organization\",\"name\":\"Yvonne Lamberty\",\"url\":\"https:\/\/yvonnelamberty.com\/transzendenz\/\",\"sameAs\":[],\"logo\":{\"@type\":\"ImageObject\",\"inLanguage\":\"de\",\"@id\":\"https:\/\/yvonnelamberty.com\/transzendenz\/#\/schema\/logo\/image\/\",\"url\":\"https:\/\/yvonnelamberty.com\/wp-content\/uploads\/2022\/07\/Yvonne_Lamberty_Logo.jpg\",\"contentUrl\":\"https:\/\/yvonnelamberty.com\/wp-content\/uploads\/2022\/07\/Yvonne_Lamberty_Logo.jpg\",\"width\":596,\"height\":174,\"caption\":\"Yvonne Lamberty\"},\"image\":{\"@id\":\"https:\/\/yvonnelamberty.com\/transzendenz\/#\/schema\/logo\/image\/\"}},{\"@type\":\"Person\",\"@id\":\"https:\/\/yvonnelamberty.com\/transzendenz\/#\/schema\/person\/428b3333f648db7c253cdd46e5cd5eac\",\"name\":\"Yvonne Lamberty\",\"image\":{\"@type\":\"ImageObject\",\"inLanguage\":\"de\",\"@id\":\"https:\/\/yvonnelamberty.com\/transzendenz\/#\/schema\/person\/image\/\",\"url\":\"https:\/\/secure.gravatar.com\/avatar\/b8173e7cc1af324776f5e26bc73ca0c8?s=96&d=mm&r=g\",\"contentUrl\":\"https:\/\/secure.gravatar.com\/avatar\/b8173e7cc1af324776f5e26bc73ca0c8?s=96&d=mm&r=g\",\"caption\":\"Yvonne Lamberty\"},\"url\":\"https:\/\/yvonnelamberty.com\/transzendenz\/author\/yvonne-lamberty\/\"}]}<\/script>\n<!-- \/ Yoast SEO plugin. -->","yoast_head_json":{"title":"Ich war schonmal hier\u2026. - Yvonne Lamberty","robots":{"index":"index","follow":"follow","max-snippet":"max-snippet:-1","max-image-preview":"max-image-preview:large","max-video-preview":"max-video-preview:-1"},"canonical":"https:\/\/yvonnelamberty.com\/transzendenz\/ich-war-schonmal-hier\/","og_locale":"de_DE","og_type":"article","og_title":"Ich war schonmal hier\u2026. - Yvonne Lamberty","og_description":"Ich war schonmal hier\u2026.Nachdem ich mich gestern etwas ausgeruht habe, ging es heute in die Calanque zum wandern und malen. Ich habe meine Aquarell-Sachen eingepackt. Die Calanque sind bekannt f\u00fcr ihre weissen Kalkfelsen in Kombination mit dem t\u00fcrkisfarbenen Meer. Hinzu kommt die unfassbar sch\u00f6ne Wildnis der Natur.\u00a0Mein erster Halt habe ich bei der \u201eCalanque De [&hellip;]","og_url":"https:\/\/yvonnelamberty.com\/transzendenz\/ich-war-schonmal-hier\/","og_site_name":"Yvonne Lamberty","article_published_time":"2019-05-18T05:10:00+00:00","article_modified_time":"2019-12-08T22:30:00+00:00","og_image":[{"width":2016,"height":1512,"url":"https:\/\/yvonnelamberty.com\/transzendenz\/wp-content\/uploads\/2019\/05\/Ich-war-schon-hier.jpg","type":"image\/jpeg"}],"author":"Yvonne Lamberty","twitter_card":"summary_large_image","twitter_misc":{"Verfasst von":"Yvonne Lamberty"},"schema":{"@context":"https:\/\/schema.org","@graph":[{"@type":"Article","@id":"https:\/\/yvonnelamberty.com\/transzendenz\/ich-war-schonmal-hier\/#article","isPartOf":{"@id":"https:\/\/yvonnelamberty.com\/transzendenz\/ich-war-schonmal-hier\/"},"author":{"name":"Yvonne Lamberty","@id":"https:\/\/yvonnelamberty.com\/transzendenz\/#\/schema\/person\/428b3333f648db7c253cdd46e5cd5eac"},"headline":"Ich war schonmal hier\u2026.","datePublished":"2019-05-18T05:10:00+00:00","dateModified":"2019-12-08T22:30:00+00:00","mainEntityOfPage":{"@id":"https:\/\/yvonnelamberty.com\/transzendenz\/ich-war-schonmal-hier\/"},"wordCount":4,"commentCount":0,"publisher":{"@id":"https:\/\/yvonnelamberty.com\/transzendenz\/#organization"},"inLanguage":"de","potentialAction":[{"@type":"CommentAction","name":"Comment","target":["https:\/\/yvonnelamberty.com\/transzendenz\/ich-war-schonmal-hier\/#respond"]}]},{"@type":"WebPage","@id":"https:\/\/yvonnelamberty.com\/transzendenz\/ich-war-schonmal-hier\/","url":"https:\/\/yvonnelamberty.com\/transzendenz\/ich-war-schonmal-hier\/","name":"Ich war schonmal hier\u2026. - Yvonne Lamberty","isPartOf":{"@id":"https:\/\/yvonnelamberty.com\/transzendenz\/#website"},"datePublished":"2019-05-18T05:10:00+00:00","dateModified":"2019-12-08T22:30:00+00:00","breadcrumb":{"@id":"https:\/\/yvonnelamberty.com\/transzendenz\/ich-war-schonmal-hier\/#breadcrumb"},"inLanguage":"de","potentialAction":[{"@type":"ReadAction","target":["https:\/\/yvonnelamberty.com\/transzendenz\/ich-war-schonmal-hier\/"]}]},{"@type":"BreadcrumbList","@id":"https:\/\/yvonnelamberty.com\/transzendenz\/ich-war-schonmal-hier\/#breadcrumb","itemListElement":[{"@type":"ListItem","position":1,"name":"Startseite","item":"https:\/\/yvonnelamberty.com\/transzendenz\/"},{"@type":"ListItem","position":2,"name":"Ich war schonmal hier\u2026."}]},{"@type":"WebSite","@id":"https:\/\/yvonnelamberty.com\/transzendenz\/#website","url":"https:\/\/yvonnelamberty.com\/transzendenz\/","name":"Yvonne Lamberty","description":"Yvonne Lamberty","publisher":{"@id":"https:\/\/yvonnelamberty.com\/transzendenz\/#organization"},"potentialAction":[{"@type":"SearchAction","target":{"@type":"EntryPoint","urlTemplate":"https:\/\/yvonnelamberty.com\/transzendenz\/?s={search_term_string}"},"query-input":"required name=search_term_string"}],"inLanguage":"de"},{"@type":"Organization","@id":"https:\/\/yvonnelamberty.com\/transzendenz\/#organization","name":"Yvonne Lamberty","url":"https:\/\/yvonnelamberty.com\/transzendenz\/","sameAs":[],"logo":{"@type":"ImageObject","inLanguage":"de","@id":"https:\/\/yvonnelamberty.com\/transzendenz\/#\/schema\/logo\/image\/","url":"https:\/\/yvonnelamberty.com\/wp-content\/uploads\/2022\/07\/Yvonne_Lamberty_Logo.jpg","contentUrl":"https:\/\/yvonnelamberty.com\/wp-content\/uploads\/2022\/07\/Yvonne_Lamberty_Logo.jpg","width":596,"height":174,"caption":"Yvonne Lamberty"},"image":{"@id":"https:\/\/yvonnelamberty.com\/transzendenz\/#\/schema\/logo\/image\/"}},{"@type":"Person","@id":"https:\/\/yvonnelamberty.com\/transzendenz\/#\/schema\/person\/428b3333f648db7c253cdd46e5cd5eac","name":"Yvonne Lamberty","image":{"@type":"ImageObject","inLanguage":"de","@id":"https:\/\/yvonnelamberty.com\/transzendenz\/#\/schema\/person\/image\/","url":"https:\/\/secure.gravatar.com\/avatar\/b8173e7cc1af324776f5e26bc73ca0c8?s=96&d=mm&r=g","contentUrl":"https:\/\/secure.gravatar.com\/avatar\/b8173e7cc1af324776f5e26bc73ca0c8?s=96&d=mm&r=g","caption":"Yvonne Lamberty"},"url":"https:\/\/yvonnelamberty.com\/transzendenz\/author\/yvonne-lamberty\/"}]}},"builder_content":"<h1>Ich war schonmal hier\u2026.<\/h1><p>Nachdem ich mich gestern etwas ausgeruht habe, ging es heute in die Calanque zum wandern und malen. Ich habe meine Aquarell-Sachen eingepackt. Die Calanque sind bekannt f\u00fcr ihre weissen Kalkfelsen in Kombination mit dem t\u00fcrkisfarbenen Meer. Hinzu kommt die unfassbar sch\u00f6ne Wildnis der Natur.\u00a0<a href=\"https:\/\/yvonnelamberty.com\/wp-content\/uploads\/2019\/05\/IMG_3109.jpg\"><img loading=\"lazy\" src=\"https:\/\/yvonnelamberty.com\/wp-content\/uploads\/2019\/05\/IMG_3109-225x300.jpg\" sizes=\"(max-width: 225px) 100vw, 225px\" srcset=\"https:\/\/yvonnelamberty.com\/wp-content\/uploads\/2019\/05\/IMG_3109-225x300.jpg 225w, https:\/\/yvonnelamberty.com\/wp-content\/uploads\/2019\/05\/IMG_3109-768x1024.jpg 768w\" alt=\"\" width=\"225\" height=\"300\" data-lazy-loaded=\"1\" \/><\/a><\/p><p>Mein erster Halt habe ich bei der \u201eCalanque De Figuerolles\u201c gemacht. Das Besondere hier ist, dass die Felsen und Steine lila sind. Witzig, dass man es erst sieht, wenn die Steine vom Meer umsp\u00fclt werden. Durch die salzige N\u00e4sse erstrahlen unz\u00e4hlige Steine in der Farbe Lila.\u00a0<a href=\"https:\/\/yvonnelamberty.com\/wp-content\/uploads\/2019\/05\/IMG_3100.jpg\"><img loading=\"lazy\" src=\"https:\/\/yvonnelamberty.com\/wp-content\/uploads\/2019\/05\/IMG_3100-225x300.jpg\" sizes=\"(max-width: 225px) 100vw, 225px\" srcset=\"https:\/\/yvonnelamberty.com\/wp-content\/uploads\/2019\/05\/IMG_3100-225x300.jpg 225w, https:\/\/yvonnelamberty.com\/wp-content\/uploads\/2019\/05\/IMG_3100-768x1024.jpg 768w\" alt=\"\" width=\"225\" height=\"300\" data-lazy-loaded=\"1\" \/><\/a><\/p><p>Dann bin ich weiter in die Calanque hinter dem s\u00fcssen Hafenort Cassis gewandert, Richtung Port Pin. Wie der Name schon sagt, ist diese Bucht voller Pinienw\u00e4lder und ich habe mich hier im\u00a0\u00a0September gleich zwei mal verliebt.\u00a0\u00a0Zum ersten Mal in die Sch\u00f6nheit dieser Natur und zum zweiten Mal in meinen Exfreund, denn ich hier kennengelernt habe.\u00a0<\/p><p>Als ich einem Kumpel heute ein Foto schickte, mit dem ich im September hier war, schrieb er mir: \u201eWarum bist du dort? \u201e und ich antwortete ihm ganz spontan: \u201e Weil ich hier zuhause bin.\u201c Nichts erinnert mich an meine zweite Liebe. Ich habe hier keine Emotionen des Herzschmerzes. Ganz im Gegenteil. Ich habe diesen Ort positiv vermisst. Diese Aussicht, diesen Duft, dieses Meer, diese B\u00e4ume, diese Felsen. Ich habe meinen Exfreund erst am letzen Tag dort getroffen. Da habe ich diese Bucht schon vorher zweimal besucht. Es ist sch\u00f6n hier zu sein und ich habe mich auf die selbe Stelle gesetzt und meine Aquarellfarben ausgepackt und einfach das gemacht, was ich schon letztes Jahr im September machen wollte: hier einfach nur malen.\u00a0<a href=\"https:\/\/yvonnelamberty.com\/wp-content\/uploads\/2019\/05\/IMG_3151.jpg\"><img loading=\"lazy\" src=\"https:\/\/yvonnelamberty.com\/wp-content\/uploads\/2019\/05\/IMG_3151-225x300.jpg\" sizes=\"(max-width: 225px) 100vw, 225px\" srcset=\"https:\/\/yvonnelamberty.com\/wp-content\/uploads\/2019\/05\/IMG_3151-225x300.jpg 225w, https:\/\/yvonnelamberty.com\/wp-content\/uploads\/2019\/05\/IMG_3151-768x1024.jpg 768w\" alt=\"\" width=\"225\" height=\"300\" data-lazy-loaded=\"1\" \/><\/a><\/p><p>Das ich meinem Kumpel geschrieben habe \u201eWeil ich hier zuhause bin\u201c hat mich selbst \u00fcberrascht. Dieser Satz kam von ganz alleine, ohne dar\u00fcber nachzudenken. Aber dieser Ort ist mir so vertraut und strahlt eine Magie auf mich aus, der ich v\u00f6llig ergeben bin. Ich fahre nie an die selben Orte aber hier kann ich mich nicht sattsehen. Ja ja ok\u2026 das Picasso, Matisse, Van Gogh, Cezanne und Gaudin sich in der Provence auch sehr wohl gef\u00fchlt haben, habe ich irgendwann mal beil\u00e4ufig vernommen.\u00a0<a href=\"https:\/\/yvonnelamberty.com\/wp-content\/uploads\/2019\/05\/IMG_3172.jpg\"><img loading=\"lazy\" src=\"https:\/\/yvonnelamberty.com\/wp-content\/uploads\/2019\/05\/IMG_3172-300x225.jpg\" sizes=\"(max-width: 300px) 100vw, 300px\" srcset=\"https:\/\/yvonnelamberty.com\/wp-content\/uploads\/2019\/05\/IMG_3172-300x225.jpg 300w, https:\/\/yvonnelamberty.com\/wp-content\/uploads\/2019\/05\/IMG_3172-768x576.jpg 768w, https:\/\/yvonnelamberty.com\/wp-content\/uploads\/2019\/05\/IMG_3172-1024x768.jpg 1024w\" alt=\"\" width=\"300\" height=\"225\" data-lazy-loaded=\"1\" \/><\/a>Aber irgendwie kann ich sie nicht verstehen, sondern ich kann es nachf\u00fchlen. Das Licht hier ist einzigartig und es setzt auf meiner Augenlinse Kontraste an Farbt\u00f6nen frei, die ich ersteinmal einsortieren muss, weil sie mir noch so neu sind. Es ist, als k\u00f6nnte ich mehr Farben sehen als es gibt. So habe ich mich beim malen beobachtet, wie ich mehr starrte und meine Sonnenbrille zur Seite schob, als das ich malte. Wie du heraus lesen kannst, bin ich etwas fasziniert und ich hoffe es schwappt was davon bei dir r\u00fcber. Als ich im September 2018 hier am ersten Tag ankam habe ich sogar in meiner Instagram Story gesagt \u201eIch glaube ich bin verliebt\u201c als ich die Natur gefilmt habe und jetzt darf ich wieder hier sein. Daf\u00fcr bin ich unendlich dankbar. \u00a0\u00a0<a href=\"https:\/\/yvonnelamberty.com\/wp-content\/uploads\/2019\/05\/IMG_3165.jpg\"><img loading=\"lazy\" src=\"https:\/\/yvonnelamberty.com\/wp-content\/uploads\/2019\/05\/IMG_3165-225x300.jpg\" sizes=\"(max-width: 225px) 100vw, 225px\" srcset=\"https:\/\/yvonnelamberty.com\/wp-content\/uploads\/2019\/05\/IMG_3165-225x300.jpg 225w, https:\/\/yvonnelamberty.com\/wp-content\/uploads\/2019\/05\/IMG_3165-768x1024.jpg 768w\" alt=\"\" width=\"225\" height=\"300\" data-lazy-loaded=\"1\" \/><\/a><\/p><p>W\u00e4hrend ich so vor mich hin malte, kam ein netter Franzose auf mich zu und bat mir ein Glas Rotwein an. Ich nickte freundlich und verneinte\u2026 war es doch noch viel zu fr\u00fch f\u00fcr Rotwein\u2026 aber auf der anderen Seite: \u201eKann man bei einem Franzosen das Glas Rotwein ablehnen?\u201c\u00a0\u00a0Oder dachte der: \u201e Ach so ne K\u00fcnstlerin trinkt bestimmt Einen mit\u201c ? Anway \u2026 ich entschied mich f\u00fcr die franz\u00f6sische h\u00f6fliche Variante und nahm\u00a0\u00a0\u201eun petit peu\u201c\u00a0\u00a0dankend an. So kamen wir ins Gespr\u00e4ch und sprachen \u00fcber alles M\u00f6gliche und ich kam nicht mehr zu malen aber hatte sehr nette Gesellschaft.\u00a0So, dass war mein heutiger Tag den ich gerne mit dir teilen wollte.\u00a0<\/p><p>Ich sende dir ganz liebe\u00a0Gr\u00fc\u00dfe aus der Provence,<\/p><p>deine Yvonne<\/p><p><a href=\"https:\/\/yvonnelamberty.com\/wp-content\/uploads\/2019\/05\/1A3F552A-3F29-46F2-89FE-B89524CD4FFB.jpg\"><img loading=\"lazy\" src=\"https:\/\/yvonnelamberty.com\/wp-content\/uploads\/2019\/05\/1A3F552A-3F29-46F2-89FE-B89524CD4FFB-169x300.jpg\" sizes=\"(max-width: 169px) 100vw, 169px\" srcset=\"https:\/\/yvonnelamberty.com\/wp-content\/uploads\/2019\/05\/1A3F552A-3F29-46F2-89FE-B89524CD4FFB-169x300.jpg 169w, https:\/\/yvonnelamberty.com\/wp-content\/uploads\/2019\/05\/1A3F552A-3F29-46F2-89FE-B89524CD4FFB-768x1365.jpg 768w, https:\/\/yvonnelamberty.com\/wp-content\/uploads\/2019\/05\/1A3F552A-3F29-46F2-89FE-B89524CD4FFB-576x1024.jpg 576w, https:\/\/yvonnelamberty.com\/wp-content\/uploads\/2019\/05\/1A3F552A-3F29-46F2-89FE-B89524CD4FFB.jpg 1024w\" alt=\"\" width=\"169\" height=\"300\" data-lazy-loaded=\"1\" \/><\/a><\/p>","_links":{"self":[{"href":"https:\/\/yvonnelamberty.com\/transzendenz\/wp-json\/wp\/v2\/posts\/411"}],"collection":[{"href":"https:\/\/yvonnelamberty.com\/transzendenz\/wp-json\/wp\/v2\/posts"}],"about":[{"href":"https:\/\/yvonnelamberty.com\/transzendenz\/wp-json\/wp\/v2\/types\/post"}],"author":[{"embeddable":true,"href":"https:\/\/yvonnelamberty.com\/transzendenz\/wp-json\/wp\/v2\/users\/3"}],"replies":[{"embeddable":true,"href":"https:\/\/yvonnelamberty.com\/transzendenz\/wp-json\/wp\/v2\/comments?post=411"}],"version-history":[{"count":4,"href":"https:\/\/yvonnelamberty.com\/transzendenz\/wp-json\/wp\/v2\/posts\/411\/revisions"}],"predecessor-version":[{"id":415,"href":"https:\/\/yvonnelamberty.com\/transzendenz\/wp-json\/wp\/v2\/posts\/411\/revisions\/415"}],"wp:featuredmedia":[{"embeddable":true,"href":"https:\/\/yvonnelamberty.com\/transzendenz\/wp-json\/wp\/v2\/media\/581"}],"wp:attachment":[{"href":"https:\/\/yvonnelamberty.com\/transzendenz\/wp-json\/wp\/v2\/media?parent=411"}],"wp:term":[{"taxonomy":"category","embeddable":true,"href":"https:\/\/yvonnelamberty.com\/transzendenz\/wp-json\/wp\/v2\/categories?post=411"},{"taxonomy":"post_tag","embeddable":true,"href":"https:\/\/yvonnelamberty.com\/transzendenz\/wp-json\/wp\/v2\/tags?post=411"}],"curies":[{"name":"wp","href":"https:\/\/api.w.org\/{rel}","templated":true}]}}