{"id":406,"date":"2019-05-22T07:08:00","date_gmt":"2019-05-22T05:08:00","guid":{"rendered":"http:\/\/wp1067596.server-he.de\/yvonnelamberty_neu_2019\/wordpress\/?p=406"},"modified":"2024-12-02T08:36:29","modified_gmt":"2024-12-02T07:36:29","slug":"warum-das-schoenste-fuer-mich-ausserhalb-der-festgelegten-wege-liegt","status":"publish","type":"post","link":"https:\/\/yvonnelamberty.com\/transzendenz\/warum-das-schoenste-fuer-mich-ausserhalb-der-festgelegten-wege-liegt\/","title":{"rendered":"Warum das Sch\u00f6nste f\u00fcr mich au\u00dferhalb der festgelegten Wege liegt."},"content":{"rendered":"<!--themify_builder_content-->\n<div id=\"themify_builder_content-406\" data-postid=\"406\" class=\"themify_builder_content themify_builder_content-406 themify_builder tf_clear\">\n    \t<!-- module_row -->\n\t<div  data-lazy=\"1\" class=\"module_row themify_builder_row tb_vq4n261 tb_first tf_clearfix\">\n\t    \t\t<div class=\"row_inner col_align_top col-count-1 tf_box tf_w tf_rel\">\n\t\t\t<div  data-lazy=\"1\" class=\"module_column tb-column col-full first tb_7gvw262 tf_box\">\n\t\t\t    \t        <div class=\"tb-column-inner tf_box tf_w\">\n\t\t    <!-- module text -->\n<div  class=\"module module-text tb_drob199   \" data-lazy=\"1\">\n        <div  class=\"tb_text_wrap\">\n    <div class=\"post-title-wrapper\"><h1 class=\"post-title\">Warum das Sch\u00f6nste f\u00fcr mich au\u00dferhalb der festgelegten Wege liegt.<\/h1><\/div><p>Hey du,<\/p><figure id=\"attachment_1267\" class=\"wp-caption alignright\" aria-describedby=\"caption-attachment-1267\"><a href=\"https:\/\/yvonnelamberty.com\/transzendenz\/wp-content\/uploads\/2019\/05\/IMG_3317.jpg\"><img loading=\"lazy\" class=\"wp-image-1267 size-medium jetpack-lazy-image jetpack-lazy-image--handled\" src=\"https:\/\/yvonnelamberty.com\/transzendenz\/wp-content\/uploads\/2019\/05\/IMG_3317-225x300.jpg\" sizes=\"(max-width: 225px) 100vw, 225px\" srcset=\"https:\/\/yvonnelamberty.com\/transzendenz\/wp-content\/uploads\/2019\/05\/IMG_3317-225x300.jpg 225w, https:\/\/yvonnelamberty.com\/transzendenz\/wp-content\/uploads\/2019\/05\/IMG_3317-768x1024.jpg 768w\" alt=\"\" width=\"225\" height=\"300\" data-lazy-loaded=\"1\" \/><\/a><figcaption id=\"caption-attachment-1267\" class=\"wp-caption-text\">Dort wo der letzte Baum am Ende ist, da habe ich gesessen und gemalt<\/figcaption><\/figure><p>gestern war ich schon wieder in der Calanque \u2013 nur diesmal war ich weiter gewandert und zwar zu einem Baum ganz am Ende der Bucht, der mir schon im September aufgefallen ist. Ich fragte mich damals \u201e Wie komme ich dorthin?\u201c Und gestern war es soweit. Ich bin tats\u00e4chlich bis dorthin geklettert und habe dort vier Stunden gemalt.<a href=\"https:\/\/yvonnelamberty.com\/transzendenz\/wp-content\/uploads\/2019\/05\/IMG_3397.jpg\"><img loading=\"lazy\" class=\"size-medium wp-image-1263 alignleft jetpack-lazy-image jetpack-lazy-image--handled\" src=\"https:\/\/yvonnelamberty.com\/transzendenz\/wp-content\/uploads\/2019\/05\/IMG_3397-225x300.jpg\" sizes=\"(max-width: 225px) 100vw, 225px\" srcset=\"https:\/\/yvonnelamberty.com\/transzendenz\/wp-content\/uploads\/2019\/05\/IMG_3397-225x300.jpg 225w, https:\/\/yvonnelamberty.com\/transzendenz\/wp-content\/uploads\/2019\/05\/IMG_3397-768x1024.jpg 768w\" alt=\"\" width=\"225\" height=\"300\" data-lazy-loaded=\"1\" \/><\/a><\/p><p>Dieses Gef\u00fchl, genau an dieser Stelle malen zu d\u00fcrfen, hat mich \u00fcberw\u00e4ltigt. Es war pures Gl\u00fcck, so alleine mit dieser Naturenergie zu sein und diese gro\u00dfen Wellen gegen die Kalkfelsen klatschen zu h\u00f6ren. Und es ist genau die Frage in meinen Kopf gekommen, die ich wusste, dass ich sie mir irgendwann stellen w\u00fcrde. Es war eine Frage in mir, die mich dazu gebracht hat, genau zu dieser Reise aufzubrechen.\u00a0Zuhause in meinem Atelier hab ich mich gefragt:\u00a0<em><strong>Yvonne wie w\u00fcrdest du dich f\u00fchlen, wenn du dir erst in 10 Jahren diesen Traum erf\u00fcllst?<\/strong><\/em>\u00a0Denn ich wollte herausfinden, warum ich mir immer selbst nicht erlaubt hatte, diesem Herzenswunsch nachzugehen. Die Antwort auf diese Frage kam tief aus mir heraus: \u201eIch w\u00fcrde mich vermutlich fragen, warum ich es nicht schon viel fr\u00fcher gemacht habe\u201c<\/p><p>UND GENAU DAS hab ich mich gestern gefragt. Warum habe ich das nicht schon viel fr\u00fcher getan???<\/p><p>Ich sagte mir immer \u201eich kann mir das erst erlauben, wenn ich finanziell sicherer da stehe. Aber weisst du was\u2026 das ist Selbstbetrug, Sicherheitsdenken und Angst. Und das Gegenteil von dem, was ich leben will. Genau diese Frage (Wie w\u00fcrde ich mich f\u00fchlen, wenn ich mir erst in 10 Jahren diesen Traum erf\u00fcllen w\u00fcrde?) hat mir den letzen Kick gegeben, es zu tun.<a href=\"https:\/\/yvonnelamberty.com\/transzendenz\/wp-content\/uploads\/2019\/05\/IMG_3361.jpg\"><img loading=\"lazy\" class=\"size-medium wp-image-1259 alignright jetpack-lazy-image jetpack-lazy-image--handled\" src=\"https:\/\/yvonnelamberty.com\/transzendenz\/wp-content\/uploads\/2019\/05\/IMG_3361-225x300.jpg\" sizes=\"(max-width: 225px) 100vw, 225px\" srcset=\"https:\/\/yvonnelamberty.com\/transzendenz\/wp-content\/uploads\/2019\/05\/IMG_3361-225x300.jpg 225w, https:\/\/yvonnelamberty.com\/transzendenz\/wp-content\/uploads\/2019\/05\/IMG_3361-768x1024.jpg 768w\" alt=\"\" width=\"225\" height=\"300\" data-lazy-loaded=\"1\" \/><\/a><\/p><p>Dabei erinnerte ich mich, dass der Erfinder meiner Stoffdruck-Technik f\u00fcr die yandalas, mich einmal in meinem Atelier besuchte. Er surft leidenschaftlich gerne und lebt in seinem Haus in Kapstadt direkt am Meer. Ich sagte zu ihm damals: Ja irgendwann will ich das auch schaffen und in der Sonne leben.\u201c Darauf antwortete er. \u201e Das hat mit Geld nix zu tun. Als ich damals noch kaum Kohle hatte, habe ich immer die Wintermonate in Kapstadt verbracht und war surfen. Das Geld, was ich an Heizungskosten in Deutschland ausgegeben h\u00e4tte, hat in Kapstadt zum leben gereicht.\u201c Diese S\u00e4tze haben mich damals schon inspiriert und daran musste ich jetzt gerade beim schreiben denken.<\/p><p>Nicht das ich jetzt sofort ein neues Zuhause in der Sonne suche. Aber hey,.. ich k\u00f6nnte ja jedes Jahr f\u00fcr 2-3 Monate in die Sonne und da malen\u2026.<\/p><p>Jetzt meine Frage an dich: Wie w\u00fcrdest du dich f\u00fchlen, wenn du dir erst in 10 Jahren deinen Traum erf\u00fcllst?<a href=\"https:\/\/yvonnelamberty.com\/transzendenz\/wp-content\/uploads\/2019\/05\/IMG_3374-2.jpg\"><img loading=\"lazy\" class=\"size-medium wp-image-1260 alignleft jetpack-lazy-image jetpack-lazy-image--handled\" src=\"https:\/\/yvonnelamberty.com\/transzendenz\/wp-content\/uploads\/2019\/05\/IMG_3374-2-225x300.jpg\" sizes=\"(max-width: 225px) 100vw, 225px\" srcset=\"https:\/\/yvonnelamberty.com\/transzendenz\/wp-content\/uploads\/2019\/05\/IMG_3374-2-225x300.jpg 225w, https:\/\/yvonnelamberty.com\/transzendenz\/wp-content\/uploads\/2019\/05\/IMG_3374-2-768x1024.jpg 768w\" alt=\"\" width=\"225\" height=\"300\" data-lazy-loaded=\"1\" \/><\/a><\/p><p>Wenn man mal von seinem gew\u00f6hnlichen Weg abgeht und einfach seinem Herzen folgt, passieren doch manchmal die sch\u00f6nsten Erlebnisse.<\/p><p>In diesem Sinne schicke ich dir den Duft der Pinienw\u00e4lder und die Sonne aus der Provence,<br \/>Deine Yvonne<\/p><p><a href=\"https:\/\/yvonnelamberty.com\/transzendenz\/wp-content\/uploads\/2019\/05\/IMG_3416.jpg\"><img loading=\"lazy\" class=\"alignnone size-medium wp-image-1266 jetpack-lazy-image jetpack-lazy-image--handled\" src=\"https:\/\/yvonnelamberty.com\/transzendenz\/wp-content\/uploads\/2019\/05\/IMG_3416-225x300.jpg\" sizes=\"(max-width: 225px) 100vw, 225px\" srcset=\"https:\/\/yvonnelamberty.com\/transzendenz\/wp-content\/uploads\/2019\/05\/IMG_3416-225x300.jpg 225w, https:\/\/yvonnelamberty.com\/transzendenz\/wp-content\/uploads\/2019\/05\/IMG_3416-768x1024.jpg 768w\" alt=\"\" width=\"225\" height=\"300\" data-lazy-loaded=\"1\" \/><\/a><\/p>    <\/div>\n<\/div>\n<!-- \/module text -->\t        <\/div>\n\t    \t<\/div>\n\t\t    <\/div>\n\t    <!-- \/row_inner -->\n\t<\/div>\n\t<!-- \/module_row -->\n\t<\/div>\n<!--\/themify_builder_content-->","protected":false},"excerpt":{"rendered":"<p>Warum das Sch\u00f6nste f\u00fcr mich au\u00dferhalb der festgelegten Wege liegt. Hey du, Dort wo der letzte Baum am Ende ist, da habe ich gesessen und gemalt gestern war ich schon wieder in der Calanque \u2013 nur diesmal war ich weiter gewandert und zwar zu einem Baum ganz am Ende der Bucht, der mir schon im [&hellip;]<\/p>\n","protected":false},"author":3,"featured_media":582,"comment_status":"open","ping_status":"open","sticky":false,"template":"","format":"standard","meta":[],"categories":[1],"tags":[],"yoast_head":"<!-- This site is optimized with the Yoast SEO plugin v19.6.1 - https:\/\/yoast.com\/wordpress\/plugins\/seo\/ -->\n<title>Warum das Sch\u00f6nste f\u00fcr mich au\u00dferhalb der festgelegten Wege liegt. - Yvonne Lamberty<\/title>\n<meta name=\"robots\" content=\"index, follow, max-snippet:-1, max-image-preview:large, max-video-preview:-1\" \/>\n<link rel=\"canonical\" href=\"https:\/\/yvonnelamberty.com\/transzendenz\/warum-das-schoenste-fuer-mich-ausserhalb-der-festgelegten-wege-liegt\/\" \/>\n<meta property=\"og:locale\" content=\"de_DE\" \/>\n<meta property=\"og:type\" content=\"article\" \/>\n<meta property=\"og:title\" content=\"Warum das Sch\u00f6nste f\u00fcr mich au\u00dferhalb der festgelegten Wege liegt. - Yvonne Lamberty\" \/>\n<meta property=\"og:description\" content=\"Warum das Sch\u00f6nste f\u00fcr mich au\u00dferhalb der festgelegten Wege liegt. Hey du, Dort wo der letzte Baum am Ende ist, da habe ich gesessen und gemalt gestern war ich schon wieder in der Calanque \u2013 nur diesmal war ich weiter gewandert und zwar zu einem Baum ganz am Ende der Bucht, der mir schon im [&hellip;]\" \/>\n<meta property=\"og:url\" content=\"https:\/\/yvonnelamberty.com\/transzendenz\/warum-das-schoenste-fuer-mich-ausserhalb-der-festgelegten-wege-liegt\/\" \/>\n<meta property=\"og:site_name\" content=\"Yvonne Lamberty\" \/>\n<meta property=\"article:published_time\" content=\"2019-05-22T05:08:00+00:00\" \/>\n<meta property=\"article:modified_time\" content=\"2024-12-02T07:36:29+00:00\" \/>\n<meta property=\"og:image\" content=\"https:\/\/yvonnelamberty.com\/transzendenz\/wp-content\/uploads\/2019\/05\/Blog-warum-das-scho\u0308nste.jpg\" \/>\n\t<meta property=\"og:image:width\" content=\"1024\" \/>\n\t<meta property=\"og:image:height\" content=\"1820\" \/>\n\t<meta property=\"og:image:type\" content=\"image\/jpeg\" \/>\n<meta name=\"author\" content=\"Yvonne Lamberty\" \/>\n<meta name=\"twitter:card\" content=\"summary_large_image\" \/>\n<meta name=\"twitter:label1\" content=\"Verfasst von\" \/>\n\t<meta name=\"twitter:data1\" content=\"Yvonne Lamberty\" \/>\n\t<meta name=\"twitter:label2\" content=\"Gesch\u00e4tzte Lesezeit\" \/>\n\t<meta name=\"twitter:data2\" content=\"3\u00a0Minuten\" \/>\n<script type=\"application\/ld+json\" class=\"yoast-schema-graph\">{\"@context\":\"https:\/\/schema.org\",\"@graph\":[{\"@type\":\"Article\",\"@id\":\"https:\/\/yvonnelamberty.com\/transzendenz\/warum-das-schoenste-fuer-mich-ausserhalb-der-festgelegten-wege-liegt\/#article\",\"isPartOf\":{\"@id\":\"https:\/\/yvonnelamberty.com\/transzendenz\/warum-das-schoenste-fuer-mich-ausserhalb-der-festgelegten-wege-liegt\/\"},\"author\":{\"name\":\"Yvonne Lamberty\",\"@id\":\"https:\/\/yvonnelamberty.com\/transzendenz\/#\/schema\/person\/428b3333f648db7c253cdd46e5cd5eac\"},\"headline\":\"Warum das Sch\u00f6nste f\u00fcr mich au\u00dferhalb der festgelegten Wege liegt.\",\"datePublished\":\"2019-05-22T05:08:00+00:00\",\"dateModified\":\"2024-12-02T07:36:29+00:00\",\"mainEntityOfPage\":{\"@id\":\"https:\/\/yvonnelamberty.com\/transzendenz\/warum-das-schoenste-fuer-mich-ausserhalb-der-festgelegten-wege-liegt\/\"},\"wordCount\":529,\"commentCount\":0,\"publisher\":{\"@id\":\"https:\/\/yvonnelamberty.com\/transzendenz\/#organization\"},\"inLanguage\":\"de\",\"potentialAction\":[{\"@type\":\"CommentAction\",\"name\":\"Comment\",\"target\":[\"https:\/\/yvonnelamberty.com\/transzendenz\/warum-das-schoenste-fuer-mich-ausserhalb-der-festgelegten-wege-liegt\/#respond\"]}]},{\"@type\":\"WebPage\",\"@id\":\"https:\/\/yvonnelamberty.com\/transzendenz\/warum-das-schoenste-fuer-mich-ausserhalb-der-festgelegten-wege-liegt\/\",\"url\":\"https:\/\/yvonnelamberty.com\/transzendenz\/warum-das-schoenste-fuer-mich-ausserhalb-der-festgelegten-wege-liegt\/\",\"name\":\"Warum das Sch\u00f6nste f\u00fcr mich au\u00dferhalb der festgelegten Wege liegt. - Yvonne Lamberty\",\"isPartOf\":{\"@id\":\"https:\/\/yvonnelamberty.com\/transzendenz\/#website\"},\"datePublished\":\"2019-05-22T05:08:00+00:00\",\"dateModified\":\"2024-12-02T07:36:29+00:00\",\"breadcrumb\":{\"@id\":\"https:\/\/yvonnelamberty.com\/transzendenz\/warum-das-schoenste-fuer-mich-ausserhalb-der-festgelegten-wege-liegt\/#breadcrumb\"},\"inLanguage\":\"de\",\"potentialAction\":[{\"@type\":\"ReadAction\",\"target\":[\"https:\/\/yvonnelamberty.com\/transzendenz\/warum-das-schoenste-fuer-mich-ausserhalb-der-festgelegten-wege-liegt\/\"]}]},{\"@type\":\"BreadcrumbList\",\"@id\":\"https:\/\/yvonnelamberty.com\/transzendenz\/warum-das-schoenste-fuer-mich-ausserhalb-der-festgelegten-wege-liegt\/#breadcrumb\",\"itemListElement\":[{\"@type\":\"ListItem\",\"position\":1,\"name\":\"Startseite\",\"item\":\"https:\/\/yvonnelamberty.com\/transzendenz\/\"},{\"@type\":\"ListItem\",\"position\":2,\"name\":\"Warum das Sch\u00f6nste f\u00fcr mich au\u00dferhalb der festgelegten Wege liegt.\"}]},{\"@type\":\"WebSite\",\"@id\":\"https:\/\/yvonnelamberty.com\/transzendenz\/#website\",\"url\":\"https:\/\/yvonnelamberty.com\/transzendenz\/\",\"name\":\"Yvonne Lamberty\",\"description\":\"Yvonne Lamberty\",\"publisher\":{\"@id\":\"https:\/\/yvonnelamberty.com\/transzendenz\/#organization\"},\"potentialAction\":[{\"@type\":\"SearchAction\",\"target\":{\"@type\":\"EntryPoint\",\"urlTemplate\":\"https:\/\/yvonnelamberty.com\/transzendenz\/?s={search_term_string}\"},\"query-input\":\"required name=search_term_string\"}],\"inLanguage\":\"de\"},{\"@type\":\"Organization\",\"@id\":\"https:\/\/yvonnelamberty.com\/transzendenz\/#organization\",\"name\":\"Yvonne Lamberty\",\"url\":\"https:\/\/yvonnelamberty.com\/transzendenz\/\",\"sameAs\":[],\"logo\":{\"@type\":\"ImageObject\",\"inLanguage\":\"de\",\"@id\":\"https:\/\/yvonnelamberty.com\/transzendenz\/#\/schema\/logo\/image\/\",\"url\":\"https:\/\/yvonnelamberty.com\/wp-content\/uploads\/2022\/07\/Yvonne_Lamberty_Logo.jpg\",\"contentUrl\":\"https:\/\/yvonnelamberty.com\/wp-content\/uploads\/2022\/07\/Yvonne_Lamberty_Logo.jpg\",\"width\":596,\"height\":174,\"caption\":\"Yvonne Lamberty\"},\"image\":{\"@id\":\"https:\/\/yvonnelamberty.com\/transzendenz\/#\/schema\/logo\/image\/\"}},{\"@type\":\"Person\",\"@id\":\"https:\/\/yvonnelamberty.com\/transzendenz\/#\/schema\/person\/428b3333f648db7c253cdd46e5cd5eac\",\"name\":\"Yvonne Lamberty\",\"image\":{\"@type\":\"ImageObject\",\"inLanguage\":\"de\",\"@id\":\"https:\/\/yvonnelamberty.com\/transzendenz\/#\/schema\/person\/image\/\",\"url\":\"https:\/\/secure.gravatar.com\/avatar\/b8173e7cc1af324776f5e26bc73ca0c8?s=96&d=mm&r=g\",\"contentUrl\":\"https:\/\/secure.gravatar.com\/avatar\/b8173e7cc1af324776f5e26bc73ca0c8?s=96&d=mm&r=g\",\"caption\":\"Yvonne Lamberty\"},\"url\":\"https:\/\/yvonnelamberty.com\/transzendenz\/author\/yvonne-lamberty\/\"}]}<\/script>\n<!-- \/ Yoast SEO plugin. -->","yoast_head_json":{"title":"Warum das Sch\u00f6nste f\u00fcr mich au\u00dferhalb der festgelegten Wege liegt. - Yvonne Lamberty","robots":{"index":"index","follow":"follow","max-snippet":"max-snippet:-1","max-image-preview":"max-image-preview:large","max-video-preview":"max-video-preview:-1"},"canonical":"https:\/\/yvonnelamberty.com\/transzendenz\/warum-das-schoenste-fuer-mich-ausserhalb-der-festgelegten-wege-liegt\/","og_locale":"de_DE","og_type":"article","og_title":"Warum das Sch\u00f6nste f\u00fcr mich au\u00dferhalb der festgelegten Wege liegt. - Yvonne Lamberty","og_description":"Warum das Sch\u00f6nste f\u00fcr mich au\u00dferhalb der festgelegten Wege liegt. Hey du, Dort wo der letzte Baum am Ende ist, da habe ich gesessen und gemalt gestern war ich schon wieder in der Calanque \u2013 nur diesmal war ich weiter gewandert und zwar zu einem Baum ganz am Ende der Bucht, der mir schon im [&hellip;]","og_url":"https:\/\/yvonnelamberty.com\/transzendenz\/warum-das-schoenste-fuer-mich-ausserhalb-der-festgelegten-wege-liegt\/","og_site_name":"Yvonne Lamberty","article_published_time":"2019-05-22T05:08:00+00:00","article_modified_time":"2024-12-02T07:36:29+00:00","og_image":[{"width":1024,"height":1820,"url":"https:\/\/yvonnelamberty.com\/transzendenz\/wp-content\/uploads\/2019\/05\/Blog-warum-das-scho\u0308nste.jpg","type":"image\/jpeg"}],"author":"Yvonne Lamberty","twitter_card":"summary_large_image","twitter_misc":{"Verfasst von":"Yvonne Lamberty","Gesch\u00e4tzte Lesezeit":"3\u00a0Minuten"},"schema":{"@context":"https:\/\/schema.org","@graph":[{"@type":"Article","@id":"https:\/\/yvonnelamberty.com\/transzendenz\/warum-das-schoenste-fuer-mich-ausserhalb-der-festgelegten-wege-liegt\/#article","isPartOf":{"@id":"https:\/\/yvonnelamberty.com\/transzendenz\/warum-das-schoenste-fuer-mich-ausserhalb-der-festgelegten-wege-liegt\/"},"author":{"name":"Yvonne Lamberty","@id":"https:\/\/yvonnelamberty.com\/transzendenz\/#\/schema\/person\/428b3333f648db7c253cdd46e5cd5eac"},"headline":"Warum das Sch\u00f6nste f\u00fcr mich au\u00dferhalb der festgelegten Wege liegt.","datePublished":"2019-05-22T05:08:00+00:00","dateModified":"2024-12-02T07:36:29+00:00","mainEntityOfPage":{"@id":"https:\/\/yvonnelamberty.com\/transzendenz\/warum-das-schoenste-fuer-mich-ausserhalb-der-festgelegten-wege-liegt\/"},"wordCount":529,"commentCount":0,"publisher":{"@id":"https:\/\/yvonnelamberty.com\/transzendenz\/#organization"},"inLanguage":"de","potentialAction":[{"@type":"CommentAction","name":"Comment","target":["https:\/\/yvonnelamberty.com\/transzendenz\/warum-das-schoenste-fuer-mich-ausserhalb-der-festgelegten-wege-liegt\/#respond"]}]},{"@type":"WebPage","@id":"https:\/\/yvonnelamberty.com\/transzendenz\/warum-das-schoenste-fuer-mich-ausserhalb-der-festgelegten-wege-liegt\/","url":"https:\/\/yvonnelamberty.com\/transzendenz\/warum-das-schoenste-fuer-mich-ausserhalb-der-festgelegten-wege-liegt\/","name":"Warum das Sch\u00f6nste f\u00fcr mich au\u00dferhalb der festgelegten Wege liegt. - Yvonne Lamberty","isPartOf":{"@id":"https:\/\/yvonnelamberty.com\/transzendenz\/#website"},"datePublished":"2019-05-22T05:08:00+00:00","dateModified":"2024-12-02T07:36:29+00:00","breadcrumb":{"@id":"https:\/\/yvonnelamberty.com\/transzendenz\/warum-das-schoenste-fuer-mich-ausserhalb-der-festgelegten-wege-liegt\/#breadcrumb"},"inLanguage":"de","potentialAction":[{"@type":"ReadAction","target":["https:\/\/yvonnelamberty.com\/transzendenz\/warum-das-schoenste-fuer-mich-ausserhalb-der-festgelegten-wege-liegt\/"]}]},{"@type":"BreadcrumbList","@id":"https:\/\/yvonnelamberty.com\/transzendenz\/warum-das-schoenste-fuer-mich-ausserhalb-der-festgelegten-wege-liegt\/#breadcrumb","itemListElement":[{"@type":"ListItem","position":1,"name":"Startseite","item":"https:\/\/yvonnelamberty.com\/transzendenz\/"},{"@type":"ListItem","position":2,"name":"Warum das Sch\u00f6nste f\u00fcr mich au\u00dferhalb der festgelegten Wege liegt."}]},{"@type":"WebSite","@id":"https:\/\/yvonnelamberty.com\/transzendenz\/#website","url":"https:\/\/yvonnelamberty.com\/transzendenz\/","name":"Yvonne Lamberty","description":"Yvonne Lamberty","publisher":{"@id":"https:\/\/yvonnelamberty.com\/transzendenz\/#organization"},"potentialAction":[{"@type":"SearchAction","target":{"@type":"EntryPoint","urlTemplate":"https:\/\/yvonnelamberty.com\/transzendenz\/?s={search_term_string}"},"query-input":"required name=search_term_string"}],"inLanguage":"de"},{"@type":"Organization","@id":"https:\/\/yvonnelamberty.com\/transzendenz\/#organization","name":"Yvonne Lamberty","url":"https:\/\/yvonnelamberty.com\/transzendenz\/","sameAs":[],"logo":{"@type":"ImageObject","inLanguage":"de","@id":"https:\/\/yvonnelamberty.com\/transzendenz\/#\/schema\/logo\/image\/","url":"https:\/\/yvonnelamberty.com\/wp-content\/uploads\/2022\/07\/Yvonne_Lamberty_Logo.jpg","contentUrl":"https:\/\/yvonnelamberty.com\/wp-content\/uploads\/2022\/07\/Yvonne_Lamberty_Logo.jpg","width":596,"height":174,"caption":"Yvonne Lamberty"},"image":{"@id":"https:\/\/yvonnelamberty.com\/transzendenz\/#\/schema\/logo\/image\/"}},{"@type":"Person","@id":"https:\/\/yvonnelamberty.com\/transzendenz\/#\/schema\/person\/428b3333f648db7c253cdd46e5cd5eac","name":"Yvonne Lamberty","image":{"@type":"ImageObject","inLanguage":"de","@id":"https:\/\/yvonnelamberty.com\/transzendenz\/#\/schema\/person\/image\/","url":"https:\/\/secure.gravatar.com\/avatar\/b8173e7cc1af324776f5e26bc73ca0c8?s=96&d=mm&r=g","contentUrl":"https:\/\/secure.gravatar.com\/avatar\/b8173e7cc1af324776f5e26bc73ca0c8?s=96&d=mm&r=g","caption":"Yvonne Lamberty"},"url":"https:\/\/yvonnelamberty.com\/transzendenz\/author\/yvonne-lamberty\/"}]}},"builder_content":"<h1>Warum das Sch\u00f6nste f\u00fcr mich au\u00dferhalb der festgelegten Wege liegt.<\/h1><p>Hey du,<\/p><figure id=\"attachment_1267\" aria-describedby=\"caption-attachment-1267\"><a href=\"https:\/\/yvonnelamberty.com\/transzendenz\/wp-content\/uploads\/2019\/05\/IMG_3317.jpg\"><img loading=\"lazy\" src=\"https:\/\/yvonnelamberty.com\/transzendenz\/wp-content\/uploads\/2019\/05\/IMG_3317-225x300.jpg\" sizes=\"(max-width: 225px) 100vw, 225px\" srcset=\"https:\/\/yvonnelamberty.com\/transzendenz\/wp-content\/uploads\/2019\/05\/IMG_3317-225x300.jpg 225w, https:\/\/yvonnelamberty.com\/transzendenz\/wp-content\/uploads\/2019\/05\/IMG_3317-768x1024.jpg 768w\" alt=\"\" width=\"225\" height=\"300\" data-lazy-loaded=\"1\" \/><\/a><figcaption id=\"caption-attachment-1267\">Dort wo der letzte Baum am Ende ist, da habe ich gesessen und gemalt<\/figcaption><\/figure><p>gestern war ich schon wieder in der Calanque \u2013 nur diesmal war ich weiter gewandert und zwar zu einem Baum ganz am Ende der Bucht, der mir schon im September aufgefallen ist. Ich fragte mich damals \u201e Wie komme ich dorthin?\u201c Und gestern war es soweit. Ich bin tats\u00e4chlich bis dorthin geklettert und habe dort vier Stunden gemalt.<a href=\"https:\/\/yvonnelamberty.com\/transzendenz\/wp-content\/uploads\/2019\/05\/IMG_3397.jpg\"><img loading=\"lazy\" src=\"https:\/\/yvonnelamberty.com\/transzendenz\/wp-content\/uploads\/2019\/05\/IMG_3397-225x300.jpg\" sizes=\"(max-width: 225px) 100vw, 225px\" srcset=\"https:\/\/yvonnelamberty.com\/transzendenz\/wp-content\/uploads\/2019\/05\/IMG_3397-225x300.jpg 225w, https:\/\/yvonnelamberty.com\/transzendenz\/wp-content\/uploads\/2019\/05\/IMG_3397-768x1024.jpg 768w\" alt=\"\" width=\"225\" height=\"300\" data-lazy-loaded=\"1\" \/><\/a><\/p><p>Dieses Gef\u00fchl, genau an dieser Stelle malen zu d\u00fcrfen, hat mich \u00fcberw\u00e4ltigt. Es war pures Gl\u00fcck, so alleine mit dieser Naturenergie zu sein und diese gro\u00dfen Wellen gegen die Kalkfelsen klatschen zu h\u00f6ren. Und es ist genau die Frage in meinen Kopf gekommen, die ich wusste, dass ich sie mir irgendwann stellen w\u00fcrde. Es war eine Frage in mir, die mich dazu gebracht hat, genau zu dieser Reise aufzubrechen.\u00a0Zuhause in meinem Atelier hab ich mich gefragt:\u00a0<em><strong>Yvonne wie w\u00fcrdest du dich f\u00fchlen, wenn du dir erst in 10 Jahren diesen Traum erf\u00fcllst?<\/strong><\/em>\u00a0Denn ich wollte herausfinden, warum ich mir immer selbst nicht erlaubt hatte, diesem Herzenswunsch nachzugehen. Die Antwort auf diese Frage kam tief aus mir heraus: \u201eIch w\u00fcrde mich vermutlich fragen, warum ich es nicht schon viel fr\u00fcher gemacht habe\u201c<\/p><p>UND GENAU DAS hab ich mich gestern gefragt. Warum habe ich das nicht schon viel fr\u00fcher getan???<\/p><p>Ich sagte mir immer \u201eich kann mir das erst erlauben, wenn ich finanziell sicherer da stehe. Aber weisst du was\u2026 das ist Selbstbetrug, Sicherheitsdenken und Angst. Und das Gegenteil von dem, was ich leben will. Genau diese Frage (Wie w\u00fcrde ich mich f\u00fchlen, wenn ich mir erst in 10 Jahren diesen Traum erf\u00fcllen w\u00fcrde?) hat mir den letzen Kick gegeben, es zu tun.<a href=\"https:\/\/yvonnelamberty.com\/transzendenz\/wp-content\/uploads\/2019\/05\/IMG_3361.jpg\"><img loading=\"lazy\" src=\"https:\/\/yvonnelamberty.com\/transzendenz\/wp-content\/uploads\/2019\/05\/IMG_3361-225x300.jpg\" sizes=\"(max-width: 225px) 100vw, 225px\" srcset=\"https:\/\/yvonnelamberty.com\/transzendenz\/wp-content\/uploads\/2019\/05\/IMG_3361-225x300.jpg 225w, https:\/\/yvonnelamberty.com\/transzendenz\/wp-content\/uploads\/2019\/05\/IMG_3361-768x1024.jpg 768w\" alt=\"\" width=\"225\" height=\"300\" data-lazy-loaded=\"1\" \/><\/a><\/p><p>Dabei erinnerte ich mich, dass der Erfinder meiner Stoffdruck-Technik f\u00fcr die yandalas, mich einmal in meinem Atelier besuchte. Er surft leidenschaftlich gerne und lebt in seinem Haus in Kapstadt direkt am Meer. Ich sagte zu ihm damals: Ja irgendwann will ich das auch schaffen und in der Sonne leben.\u201c Darauf antwortete er. \u201e Das hat mit Geld nix zu tun. Als ich damals noch kaum Kohle hatte, habe ich immer die Wintermonate in Kapstadt verbracht und war surfen. Das Geld, was ich an Heizungskosten in Deutschland ausgegeben h\u00e4tte, hat in Kapstadt zum leben gereicht.\u201c Diese S\u00e4tze haben mich damals schon inspiriert und daran musste ich jetzt gerade beim schreiben denken.<\/p><p>Nicht das ich jetzt sofort ein neues Zuhause in der Sonne suche. Aber hey,.. ich k\u00f6nnte ja jedes Jahr f\u00fcr 2-3 Monate in die Sonne und da malen\u2026.<\/p><p>Jetzt meine Frage an dich: Wie w\u00fcrdest du dich f\u00fchlen, wenn du dir erst in 10 Jahren deinen Traum erf\u00fcllst?<a href=\"https:\/\/yvonnelamberty.com\/transzendenz\/wp-content\/uploads\/2019\/05\/IMG_3374-2.jpg\"><img loading=\"lazy\" src=\"https:\/\/yvonnelamberty.com\/transzendenz\/wp-content\/uploads\/2019\/05\/IMG_3374-2-225x300.jpg\" sizes=\"(max-width: 225px) 100vw, 225px\" srcset=\"https:\/\/yvonnelamberty.com\/transzendenz\/wp-content\/uploads\/2019\/05\/IMG_3374-2-225x300.jpg 225w, https:\/\/yvonnelamberty.com\/transzendenz\/wp-content\/uploads\/2019\/05\/IMG_3374-2-768x1024.jpg 768w\" alt=\"\" width=\"225\" height=\"300\" data-lazy-loaded=\"1\" \/><\/a><\/p><p>Wenn man mal von seinem gew\u00f6hnlichen Weg abgeht und einfach seinem Herzen folgt, passieren doch manchmal die sch\u00f6nsten Erlebnisse.<\/p><p>In diesem Sinne schicke ich dir den Duft der Pinienw\u00e4lder und die Sonne aus der Provence,<br \/>Deine Yvonne<\/p><p><a href=\"https:\/\/yvonnelamberty.com\/transzendenz\/wp-content\/uploads\/2019\/05\/IMG_3416.jpg\"><img loading=\"lazy\" src=\"https:\/\/yvonnelamberty.com\/transzendenz\/wp-content\/uploads\/2019\/05\/IMG_3416-225x300.jpg\" sizes=\"(max-width: 225px) 100vw, 225px\" srcset=\"https:\/\/yvonnelamberty.com\/transzendenz\/wp-content\/uploads\/2019\/05\/IMG_3416-225x300.jpg 225w, https:\/\/yvonnelamberty.com\/transzendenz\/wp-content\/uploads\/2019\/05\/IMG_3416-768x1024.jpg 768w\" alt=\"\" width=\"225\" height=\"300\" data-lazy-loaded=\"1\" \/><\/a><\/p>","_links":{"self":[{"href":"https:\/\/yvonnelamberty.com\/transzendenz\/wp-json\/wp\/v2\/posts\/406"}],"collection":[{"href":"https:\/\/yvonnelamberty.com\/transzendenz\/wp-json\/wp\/v2\/posts"}],"about":[{"href":"https:\/\/yvonnelamberty.com\/transzendenz\/wp-json\/wp\/v2\/types\/post"}],"author":[{"embeddable":true,"href":"https:\/\/yvonnelamberty.com\/transzendenz\/wp-json\/wp\/v2\/users\/3"}],"replies":[{"embeddable":true,"href":"https:\/\/yvonnelamberty.com\/transzendenz\/wp-json\/wp\/v2\/comments?post=406"}],"version-history":[{"count":5,"href":"https:\/\/yvonnelamberty.com\/transzendenz\/wp-json\/wp\/v2\/posts\/406\/revisions"}],"predecessor-version":[{"id":4605,"href":"https:\/\/yvonnelamberty.com\/transzendenz\/wp-json\/wp\/v2\/posts\/406\/revisions\/4605"}],"wp:featuredmedia":[{"embeddable":true,"href":"https:\/\/yvonnelamberty.com\/transzendenz\/wp-json\/wp\/v2\/media\/582"}],"wp:attachment":[{"href":"https:\/\/yvonnelamberty.com\/transzendenz\/wp-json\/wp\/v2\/media?parent=406"}],"wp:term":[{"taxonomy":"category","embeddable":true,"href":"https:\/\/yvonnelamberty.com\/transzendenz\/wp-json\/wp\/v2\/categories?post=406"},{"taxonomy":"post_tag","embeddable":true,"href":"https:\/\/yvonnelamberty.com\/transzendenz\/wp-json\/wp\/v2\/tags?post=406"}],"curies":[{"name":"wp","href":"https:\/\/api.w.org\/{rel}","templated":true}]}}