{"id":1279,"date":"2021-10-20T08:14:50","date_gmt":"2021-10-20T06:14:50","guid":{"rendered":"https:\/\/yvonnelamberty.com\/?p=1279"},"modified":"2024-12-02T08:36:29","modified_gmt":"2024-12-02T07:36:29","slug":"vom-universum-zusammengefuehrt-das-erste-treffen","status":"publish","type":"post","link":"https:\/\/yvonnelamberty.com\/transzendenz\/vom-universum-zusammengefuehrt-das-erste-treffen\/","title":{"rendered":"Vom Universum zusammengef\u00fchrt: das 1. Treffen"},"content":{"rendered":"<!--themify_builder_content-->\n<div id=\"themify_builder_content-1279\" data-postid=\"1279\" class=\"themify_builder_content themify_builder_content-1279 themify_builder tf_clear\">\n    \t<!-- module_row -->\n\t<div  data-lazy=\"1\" class=\"module_row themify_builder_row tb_htbc22 tb_first tf_clearfix\">\n\t    \t\t<div class=\"row_inner col_align_top col-count-1 tf_box tf_w tf_rel\">\n\t\t\t<div  data-lazy=\"1\" class=\"module_column tb-column col-full first tb_lqf723 tf_box\">\n\t\t\t    \t        <div class=\"tb-column-inner tf_box tf_w\">\n\t\t    <!-- module text -->\n<div  class=\"module module-text tb_vlis529   \" data-lazy=\"1\">\n        <div  class=\"tb_text_wrap\">\n    <p>Kennst du Pierre Becker? Dieser Mann ist ein Held, Pionier, Abenteurer, Vision\u00e4r, Erfinder, Pilot, Tiefseetaucher und Genie mit einem grossem Herz in einem UND JETZT HALTE DICH FEST: er kam am Wochenende pers\u00f6nlich nach Cassis, um mir eine <strong>ganz besondere Pr\u00e4sentation<\/strong> zu zeigen \u2728??\ufe0f?<\/p>\n<p><img loading=\"lazy\" class=\"alignnone size-medium wp-image-1280\" src=\"https:\/\/yvonnelamberty.com\/transzendenz\/wp-content\/uploads\/2021\/10\/YvonneLamberty_PierreBecker_6-225x300.jpg\" alt=\"Yvonne Lambert mit Pierre Becker\" width=\"225\" height=\"300\" \/>\u00a0 \u00a0 \u00a0<img loading=\"lazy\" class=\"alignnone size-medium wp-image-1281\" src=\"https:\/\/yvonnelamberty.com\/transzendenz\/wp-content\/uploads\/2021\/10\/YvonneLamberty_PierreBecker_5-300x300.jpg\" alt=\"\" width=\"300\" height=\"300\" srcset=\"https:\/\/yvonnelamberty.com\/transzendenz\/wp-content\/uploads\/2021\/10\/YvonneLamberty_PierreBecker_5-300x300.jpg 300w, https:\/\/yvonnelamberty.com\/transzendenz\/wp-content\/uploads\/2021\/10\/YvonneLamberty_PierreBecker_5-100x100.jpg 100w, https:\/\/yvonnelamberty.com\/transzendenz\/wp-content\/uploads\/2021\/10\/YvonneLamberty_PierreBecker_5-600x600.jpg 600w, https:\/\/yvonnelamberty.com\/transzendenz\/wp-content\/uploads\/2021\/10\/YvonneLamberty_PierreBecker_5-1024x1024.jpg 1024w, https:\/\/yvonnelamberty.com\/transzendenz\/wp-content\/uploads\/2021\/10\/YvonneLamberty_PierreBecker_5-150x150.jpg 150w, https:\/\/yvonnelamberty.com\/transzendenz\/wp-content\/uploads\/2021\/10\/YvonneLamberty_PierreBecker_5-768x768.jpg 768w, https:\/\/yvonnelamberty.com\/transzendenz\/wp-content\/uploads\/2021\/10\/YvonneLamberty_PierreBecker_5.jpg 1284w\" sizes=\"(max-width: 300px) 100vw, 300px\" \/><\/p>\n<p><span class=\"ac-designer-copy\">Pierre Becker s<\/span><span class=\"ac-designer-copy\">prach schon mit dem Chef der Nasa oder James Cameron aber alles nur im Namen seiner Passion, die Welt besser zu machen. <strong>Er ist viel\u00a0mehr als nur der Gl\u00fcckliche, der die Geschichte des unglaublichen R\u00e4tsels um den franz\u00f6sischen Nationalheld Antoine de Saint Exup\u00e9ry l\u00f6ste.<\/strong><\/span><br class=\"ac-designer-copy\" \/><br class=\"ac-designer-copy\" \/><span class=\"ac-designer-copy\">Er erfand u. A. eine Maschine um das ausgelaufene \u00d6l der Schiffe vom Meer zu befreien oder er baute Installationen in \u00fcber 100 L\u00e4ndern &#8211; unten auf dem Meeresgrund &#8211; um das S\u00fcsswasser zu kanalisieren, damit wir Menschen mehr Ressourcen an Wasser haben.<\/span><br class=\"ac-designer-copy\" \/><br class=\"ac-designer-copy\" \/><span class=\"ac-designer-copy\">Er wurde bei Flugzeugungl\u00fccken (auf der ganzen Welt) angerufen und er tauchte um Hinweise und Details zu finden \u00fcber die Ungl\u00fccksursache. Er l\u00f6ste viele Fragen und R\u00e4tsel.<\/span><br class=\"ac-designer-copy\" \/><br class=\"ac-designer-copy\" \/><span class=\"ac-designer-copy\">Verr\u00fcckt ist, dass er mit 5 Jahren von seinem Vater eine kleines Model der \u201eLookheed P-38\u201c geschenkt bekommen hat. Es war genau jenes Kampfflugzeug, mit dem Antoine\u00a0de Saint Exup\u00e9ry\u00a0am 31.07.1944 abgest\u00fcrzt war und 54 Jahre als verschwunden galt. Bis er vor der Bucht in Cassis (wo ich \u201ezuf\u00e4llig\u201c gerade auch lebe\u201c) die ersten Wrackteile fand.<\/span><br class=\"ac-designer-copy\" \/><br class=\"ac-designer-copy\" \/><span class=\"ac-designer-copy\">Pierre und ich sind uns beide sicher:\u00a0<strong>Wir wurden von Antoine<\/strong><\/span><span class=\"ac-designer-copy\"><strong>\u00a0zusammengef\u00fchrt.<\/strong>\u00a0Einen herzlichen Dank auch hier an seinen Sohn aus Dubai, den ich \u201ezuf\u00e4llig\u201c getroffen habe und der den Kontakt herstellte. Du erinnerst\u00a0dich vielleicht noch an <a href=\"https:\/\/yvonnelamberty.com\/transzendenz\/vom-universum-zusammengefuehrt\/\">Teil 4<\/a> (und\u00a0<a class=\"ac-designer-copy\" href=\"https:\/\/yvonnelamberty.com\/transzendenz\/ich-kehre-wieder-zurueck-an-meinen-kraftort\/\">1<\/a>,\u00a0<a class=\"ac-designer-copy\" href=\"https:\/\/yvonnelamberty.com\/transzendenz\/der-kleine-prinz-cassis-und-ich\/\">2<\/a>,\u00a0<a class=\"ac-designer-copy\" href=\"https:\/\/yvonnelamberty.com\/transzendenz\/ein-wirklich-wahrer-maerchenkrimi\/\" data-ac-default-color=\"1\">3<\/a>) meiner\u00a0wirklich magischen, unglaublichen aber wahren M\u00e4rchengeschichte?<br class=\"ac-designer-copy\" \/><\/span><\/p>\n<p><strong><span class=\"ac-designer-copy\">Hiermit w\u00e4ren wir also bei Teil 5<\/span><\/strong><br class=\"ac-designer-copy\" \/><br class=\"ac-designer-copy\" \/><span class=\"ac-designer-copy\">Als Pierre am Wochenende nach der Pr\u00e4sentation um die Bergungsarbeiten noch ein Original Wrackteil von Antoines Flugzeug herausnahm, war ich fix und fertig.<\/span><br class=\"ac-designer-copy\" \/><br class=\"ac-designer-copy\" \/><span class=\"ac-designer-copy\">Das ich der ganzen Geschichte einmal so nah kommen w\u00fcrde und ein kleines Teil aus der Meerestiefe an mein Herz dr\u00fccken durfte, ist f\u00fcr mich noch absolut surreal .<\/span><\/p>\n<p><img loading=\"lazy\" class=\"alignnone size-medium wp-image-1282\" src=\"https:\/\/yvonnelamberty.com\/transzendenz\/wp-content\/uploads\/2021\/10\/YvonneLamberty_PierreBecker_1-300x300.jpg\" alt=\"\" width=\"300\" height=\"300\" srcset=\"https:\/\/yvonnelamberty.com\/transzendenz\/wp-content\/uploads\/2021\/10\/YvonneLamberty_PierreBecker_1-300x300.jpg 300w, https:\/\/yvonnelamberty.com\/transzendenz\/wp-content\/uploads\/2021\/10\/YvonneLamberty_PierreBecker_1-scaled-100x100.jpg 100w, https:\/\/yvonnelamberty.com\/transzendenz\/wp-content\/uploads\/2021\/10\/YvonneLamberty_PierreBecker_1-scaled-600x600.jpg 600w, https:\/\/yvonnelamberty.com\/transzendenz\/wp-content\/uploads\/2021\/10\/YvonneLamberty_PierreBecker_1-1024x1024.jpg 1024w, https:\/\/yvonnelamberty.com\/transzendenz\/wp-content\/uploads\/2021\/10\/YvonneLamberty_PierreBecker_1-150x150.jpg 150w, https:\/\/yvonnelamberty.com\/transzendenz\/wp-content\/uploads\/2021\/10\/YvonneLamberty_PierreBecker_1-768x768.jpg 768w, https:\/\/yvonnelamberty.com\/transzendenz\/wp-content\/uploads\/2021\/10\/YvonneLamberty_PierreBecker_1-1536x1536.jpg 1536w, https:\/\/yvonnelamberty.com\/transzendenz\/wp-content\/uploads\/2021\/10\/YvonneLamberty_PierreBecker_1-2048x2048.jpg 2048w\" sizes=\"(max-width: 300px) 100vw, 300px\" \/>.\u00a0 \u00a0 <img loading=\"lazy\" class=\"alignnone size-medium wp-image-1283\" src=\"https:\/\/yvonnelamberty.com\/transzendenz\/wp-content\/uploads\/2021\/10\/YvonneLamberty_PierreBecker-300x300.png\" alt=\"\" width=\"300\" height=\"300\" srcset=\"https:\/\/yvonnelamberty.com\/transzendenz\/wp-content\/uploads\/2021\/10\/YvonneLamberty_PierreBecker-300x300.png 300w, https:\/\/yvonnelamberty.com\/transzendenz\/wp-content\/uploads\/2021\/10\/YvonneLamberty_PierreBecker-100x100.png 100w, https:\/\/yvonnelamberty.com\/transzendenz\/wp-content\/uploads\/2021\/10\/YvonneLamberty_PierreBecker-600x600.png 600w, https:\/\/yvonnelamberty.com\/transzendenz\/wp-content\/uploads\/2021\/10\/YvonneLamberty_PierreBecker-1024x1024.png 1024w, https:\/\/yvonnelamberty.com\/transzendenz\/wp-content\/uploads\/2021\/10\/YvonneLamberty_PierreBecker-150x150.png 150w, https:\/\/yvonnelamberty.com\/transzendenz\/wp-content\/uploads\/2021\/10\/YvonneLamberty_PierreBecker-768x768.png 768w, https:\/\/yvonnelamberty.com\/transzendenz\/wp-content\/uploads\/2021\/10\/YvonneLamberty_PierreBecker.png 1080w\" sizes=\"(max-width: 300px) 100vw, 300px\" \/><\/p>\n<p><span class=\"ac-designer-copy\"><strong>Hier also eine kleine Erinnerung f\u00fcr dich:\u00a0\u201eLife is unbelievable\u201c\u00a0!!!!<\/strong> Alles ist m\u00f6glich! Ich bin gespannt wie es weiter geht und halte dich nat\u00fcrlich auf dem Laufenden ?<\/span><br class=\"ac-designer-copy\" \/><br class=\"ac-designer-copy\" \/><span class=\"ac-designer-copy\">Es gibt so viele Helden da drau\u00dfen, die aber eventuell nicht in den Sozialen Medien sichtbar sind. Doch von ihnen muss unbedingt berichtet werden. Von ganzem Herzen nochmal DANKE und Merci beaucoup Pierre Becker!<br class=\"ac-designer-copy\" \/><br class=\"ac-designer-copy\" \/>M\u00f6ge dieser Mann auch dir eine Inspiration sein.<\/span><\/p>\n<p>Herzgru\u00df, deine Yvonne<\/p>    <\/div>\n<\/div>\n<!-- \/module text -->\t        <\/div>\n\t    \t<\/div>\n\t\t    <\/div>\n\t    <!-- \/row_inner -->\n\t<\/div>\n\t<!-- \/module_row -->\n\t<\/div>\n<!--\/themify_builder_content-->","protected":false},"excerpt":{"rendered":"<p>Kennst du Pierre Becker? Dieser Mann ist ein Held, Pionier, Abenteurer, Vision\u00e4r, Erfinder, Pilot, Tiefseetaucher und Genie mit einem grossem Herz in einem UND JETZT HALTE DICH FEST: er kam am Wochenende pers\u00f6nlich nach Cassis, um mir eine ganz besondere Pr\u00e4sentation zu zeigen \u2728??\ufe0f?<\/p>\n","protected":false},"author":3,"featured_media":1285,"comment_status":"open","ping_status":"open","sticky":false,"template":"","format":"standard","meta":[],"categories":[1],"tags":[20,25,11,24],"yoast_head":"<!-- This site is optimized with the Yoast SEO plugin v19.6.1 - https:\/\/yoast.com\/wordpress\/plugins\/seo\/ -->\n<title>Vom Universum zusammengef\u00fchrt: das 1. Treffen - Yvonne Lamberty<\/title>\n<meta name=\"robots\" content=\"index, follow, max-snippet:-1, max-image-preview:large, max-video-preview:-1\" \/>\n<link rel=\"canonical\" href=\"https:\/\/yvonnelamberty.com\/transzendenz\/vom-universum-zusammengefuehrt-das-erste-treffen\/\" \/>\n<meta property=\"og:locale\" content=\"de_DE\" \/>\n<meta property=\"og:type\" content=\"article\" \/>\n<meta property=\"og:title\" content=\"Vom Universum zusammengef\u00fchrt: das 1. Treffen - Yvonne Lamberty\" \/>\n<meta property=\"og:description\" content=\"Kennst du Pierre Becker? Dieser Mann ist ein Held, Pionier, Abenteurer, Vision\u00e4r, Erfinder, Pilot, Tiefseetaucher und Genie mit einem grossem Herz in einem UND JETZT HALTE DICH FEST: er kam am Wochenende pers\u00f6nlich nach Cassis, um mir eine ganz besondere Pr\u00e4sentation zu zeigen \u2728??\ufe0f?\" \/>\n<meta property=\"og:url\" content=\"https:\/\/yvonnelamberty.com\/transzendenz\/vom-universum-zusammengefuehrt-das-erste-treffen\/\" \/>\n<meta property=\"og:site_name\" content=\"Yvonne Lamberty\" \/>\n<meta property=\"article:published_time\" content=\"2021-10-20T06:14:50+00:00\" \/>\n<meta property=\"article:modified_time\" content=\"2024-12-02T07:36:29+00:00\" \/>\n<meta property=\"og:image\" content=\"https:\/\/yvonnelamberty.com\/transzendenz\/wp-content\/uploads\/2021\/10\/Titelbild_YvonneLamberty_PierreBecker-scaled.jpg\" \/>\n\t<meta property=\"og:image:width\" content=\"2560\" \/>\n\t<meta property=\"og:image:height\" content=\"1904\" \/>\n\t<meta property=\"og:image:type\" content=\"image\/jpeg\" \/>\n<meta name=\"author\" content=\"Yvonne Lamberty\" \/>\n<meta name=\"twitter:card\" content=\"summary_large_image\" \/>\n<meta name=\"twitter:label1\" content=\"Verfasst von\" \/>\n\t<meta name=\"twitter:data1\" content=\"Yvonne Lamberty\" \/>\n<script type=\"application\/ld+json\" class=\"yoast-schema-graph\">{\"@context\":\"https:\/\/schema.org\",\"@graph\":[{\"@type\":\"Article\",\"@id\":\"https:\/\/yvonnelamberty.com\/transzendenz\/vom-universum-zusammengefuehrt-das-erste-treffen\/#article\",\"isPartOf\":{\"@id\":\"https:\/\/yvonnelamberty.com\/transzendenz\/vom-universum-zusammengefuehrt-das-erste-treffen\/\"},\"author\":{\"name\":\"Yvonne Lamberty\",\"@id\":\"https:\/\/yvonnelamberty.com\/transzendenz\/#\/schema\/person\/428b3333f648db7c253cdd46e5cd5eac\"},\"headline\":\"Vom Universum zusammengef\u00fchrt: das 1. Treffen\",\"datePublished\":\"2021-10-20T06:14:50+00:00\",\"dateModified\":\"2024-12-02T07:36:29+00:00\",\"mainEntityOfPage\":{\"@id\":\"https:\/\/yvonnelamberty.com\/transzendenz\/vom-universum-zusammengefuehrt-das-erste-treffen\/\"},\"wordCount\":426,\"commentCount\":0,\"publisher\":{\"@id\":\"https:\/\/yvonnelamberty.com\/transzendenz\/#organization\"},\"keywords\":[\"Antoine de Saint-Exup\u00e9ry\",\"Bestimmung\",\"Cassis\",\"Pierre Becker\"],\"inLanguage\":\"de\",\"potentialAction\":[{\"@type\":\"CommentAction\",\"name\":\"Comment\",\"target\":[\"https:\/\/yvonnelamberty.com\/transzendenz\/vom-universum-zusammengefuehrt-das-erste-treffen\/#respond\"]}]},{\"@type\":\"WebPage\",\"@id\":\"https:\/\/yvonnelamberty.com\/transzendenz\/vom-universum-zusammengefuehrt-das-erste-treffen\/\",\"url\":\"https:\/\/yvonnelamberty.com\/transzendenz\/vom-universum-zusammengefuehrt-das-erste-treffen\/\",\"name\":\"Vom Universum zusammengef\u00fchrt: das 1. Treffen - Yvonne Lamberty\",\"isPartOf\":{\"@id\":\"https:\/\/yvonnelamberty.com\/transzendenz\/#website\"},\"datePublished\":\"2021-10-20T06:14:50+00:00\",\"dateModified\":\"2024-12-02T07:36:29+00:00\",\"breadcrumb\":{\"@id\":\"https:\/\/yvonnelamberty.com\/transzendenz\/vom-universum-zusammengefuehrt-das-erste-treffen\/#breadcrumb\"},\"inLanguage\":\"de\",\"potentialAction\":[{\"@type\":\"ReadAction\",\"target\":[\"https:\/\/yvonnelamberty.com\/transzendenz\/vom-universum-zusammengefuehrt-das-erste-treffen\/\"]}]},{\"@type\":\"BreadcrumbList\",\"@id\":\"https:\/\/yvonnelamberty.com\/transzendenz\/vom-universum-zusammengefuehrt-das-erste-treffen\/#breadcrumb\",\"itemListElement\":[{\"@type\":\"ListItem\",\"position\":1,\"name\":\"Startseite\",\"item\":\"https:\/\/yvonnelamberty.com\/transzendenz\/\"},{\"@type\":\"ListItem\",\"position\":2,\"name\":\"Vom Universum zusammengef\u00fchrt: das 1. Treffen\"}]},{\"@type\":\"WebSite\",\"@id\":\"https:\/\/yvonnelamberty.com\/transzendenz\/#website\",\"url\":\"https:\/\/yvonnelamberty.com\/transzendenz\/\",\"name\":\"Yvonne Lamberty\",\"description\":\"Yvonne Lamberty\",\"publisher\":{\"@id\":\"https:\/\/yvonnelamberty.com\/transzendenz\/#organization\"},\"potentialAction\":[{\"@type\":\"SearchAction\",\"target\":{\"@type\":\"EntryPoint\",\"urlTemplate\":\"https:\/\/yvonnelamberty.com\/transzendenz\/?s={search_term_string}\"},\"query-input\":\"required name=search_term_string\"}],\"inLanguage\":\"de\"},{\"@type\":\"Organization\",\"@id\":\"https:\/\/yvonnelamberty.com\/transzendenz\/#organization\",\"name\":\"Yvonne Lamberty\",\"url\":\"https:\/\/yvonnelamberty.com\/transzendenz\/\",\"sameAs\":[],\"logo\":{\"@type\":\"ImageObject\",\"inLanguage\":\"de\",\"@id\":\"https:\/\/yvonnelamberty.com\/transzendenz\/#\/schema\/logo\/image\/\",\"url\":\"https:\/\/yvonnelamberty.com\/wp-content\/uploads\/2022\/07\/Yvonne_Lamberty_Logo.jpg\",\"contentUrl\":\"https:\/\/yvonnelamberty.com\/wp-content\/uploads\/2022\/07\/Yvonne_Lamberty_Logo.jpg\",\"width\":596,\"height\":174,\"caption\":\"Yvonne Lamberty\"},\"image\":{\"@id\":\"https:\/\/yvonnelamberty.com\/transzendenz\/#\/schema\/logo\/image\/\"}},{\"@type\":\"Person\",\"@id\":\"https:\/\/yvonnelamberty.com\/transzendenz\/#\/schema\/person\/428b3333f648db7c253cdd46e5cd5eac\",\"name\":\"Yvonne Lamberty\",\"image\":{\"@type\":\"ImageObject\",\"inLanguage\":\"de\",\"@id\":\"https:\/\/yvonnelamberty.com\/transzendenz\/#\/schema\/person\/image\/\",\"url\":\"https:\/\/secure.gravatar.com\/avatar\/b8173e7cc1af324776f5e26bc73ca0c8?s=96&d=mm&r=g\",\"contentUrl\":\"https:\/\/secure.gravatar.com\/avatar\/b8173e7cc1af324776f5e26bc73ca0c8?s=96&d=mm&r=g\",\"caption\":\"Yvonne Lamberty\"},\"url\":\"https:\/\/yvonnelamberty.com\/transzendenz\/author\/yvonne-lamberty\/\"}]}<\/script>\n<!-- \/ Yoast SEO plugin. -->","yoast_head_json":{"title":"Vom Universum zusammengef\u00fchrt: das 1. Treffen - Yvonne Lamberty","robots":{"index":"index","follow":"follow","max-snippet":"max-snippet:-1","max-image-preview":"max-image-preview:large","max-video-preview":"max-video-preview:-1"},"canonical":"https:\/\/yvonnelamberty.com\/transzendenz\/vom-universum-zusammengefuehrt-das-erste-treffen\/","og_locale":"de_DE","og_type":"article","og_title":"Vom Universum zusammengef\u00fchrt: das 1. Treffen - Yvonne Lamberty","og_description":"Kennst du Pierre Becker? Dieser Mann ist ein Held, Pionier, Abenteurer, Vision\u00e4r, Erfinder, Pilot, Tiefseetaucher und Genie mit einem grossem Herz in einem UND JETZT HALTE DICH FEST: er kam am Wochenende pers\u00f6nlich nach Cassis, um mir eine ganz besondere Pr\u00e4sentation zu zeigen \u2728??\ufe0f?","og_url":"https:\/\/yvonnelamberty.com\/transzendenz\/vom-universum-zusammengefuehrt-das-erste-treffen\/","og_site_name":"Yvonne Lamberty","article_published_time":"2021-10-20T06:14:50+00:00","article_modified_time":"2024-12-02T07:36:29+00:00","og_image":[{"width":2560,"height":1904,"url":"https:\/\/yvonnelamberty.com\/transzendenz\/wp-content\/uploads\/2021\/10\/Titelbild_YvonneLamberty_PierreBecker-scaled.jpg","type":"image\/jpeg"}],"author":"Yvonne Lamberty","twitter_card":"summary_large_image","twitter_misc":{"Verfasst von":"Yvonne Lamberty"},"schema":{"@context":"https:\/\/schema.org","@graph":[{"@type":"Article","@id":"https:\/\/yvonnelamberty.com\/transzendenz\/vom-universum-zusammengefuehrt-das-erste-treffen\/#article","isPartOf":{"@id":"https:\/\/yvonnelamberty.com\/transzendenz\/vom-universum-zusammengefuehrt-das-erste-treffen\/"},"author":{"name":"Yvonne Lamberty","@id":"https:\/\/yvonnelamberty.com\/transzendenz\/#\/schema\/person\/428b3333f648db7c253cdd46e5cd5eac"},"headline":"Vom Universum zusammengef\u00fchrt: das 1. Treffen","datePublished":"2021-10-20T06:14:50+00:00","dateModified":"2024-12-02T07:36:29+00:00","mainEntityOfPage":{"@id":"https:\/\/yvonnelamberty.com\/transzendenz\/vom-universum-zusammengefuehrt-das-erste-treffen\/"},"wordCount":426,"commentCount":0,"publisher":{"@id":"https:\/\/yvonnelamberty.com\/transzendenz\/#organization"},"keywords":["Antoine de Saint-Exup\u00e9ry","Bestimmung","Cassis","Pierre Becker"],"inLanguage":"de","potentialAction":[{"@type":"CommentAction","name":"Comment","target":["https:\/\/yvonnelamberty.com\/transzendenz\/vom-universum-zusammengefuehrt-das-erste-treffen\/#respond"]}]},{"@type":"WebPage","@id":"https:\/\/yvonnelamberty.com\/transzendenz\/vom-universum-zusammengefuehrt-das-erste-treffen\/","url":"https:\/\/yvonnelamberty.com\/transzendenz\/vom-universum-zusammengefuehrt-das-erste-treffen\/","name":"Vom Universum zusammengef\u00fchrt: das 1. Treffen - Yvonne Lamberty","isPartOf":{"@id":"https:\/\/yvonnelamberty.com\/transzendenz\/#website"},"datePublished":"2021-10-20T06:14:50+00:00","dateModified":"2024-12-02T07:36:29+00:00","breadcrumb":{"@id":"https:\/\/yvonnelamberty.com\/transzendenz\/vom-universum-zusammengefuehrt-das-erste-treffen\/#breadcrumb"},"inLanguage":"de","potentialAction":[{"@type":"ReadAction","target":["https:\/\/yvonnelamberty.com\/transzendenz\/vom-universum-zusammengefuehrt-das-erste-treffen\/"]}]},{"@type":"BreadcrumbList","@id":"https:\/\/yvonnelamberty.com\/transzendenz\/vom-universum-zusammengefuehrt-das-erste-treffen\/#breadcrumb","itemListElement":[{"@type":"ListItem","position":1,"name":"Startseite","item":"https:\/\/yvonnelamberty.com\/transzendenz\/"},{"@type":"ListItem","position":2,"name":"Vom Universum zusammengef\u00fchrt: das 1. Treffen"}]},{"@type":"WebSite","@id":"https:\/\/yvonnelamberty.com\/transzendenz\/#website","url":"https:\/\/yvonnelamberty.com\/transzendenz\/","name":"Yvonne Lamberty","description":"Yvonne Lamberty","publisher":{"@id":"https:\/\/yvonnelamberty.com\/transzendenz\/#organization"},"potentialAction":[{"@type":"SearchAction","target":{"@type":"EntryPoint","urlTemplate":"https:\/\/yvonnelamberty.com\/transzendenz\/?s={search_term_string}"},"query-input":"required name=search_term_string"}],"inLanguage":"de"},{"@type":"Organization","@id":"https:\/\/yvonnelamberty.com\/transzendenz\/#organization","name":"Yvonne Lamberty","url":"https:\/\/yvonnelamberty.com\/transzendenz\/","sameAs":[],"logo":{"@type":"ImageObject","inLanguage":"de","@id":"https:\/\/yvonnelamberty.com\/transzendenz\/#\/schema\/logo\/image\/","url":"https:\/\/yvonnelamberty.com\/wp-content\/uploads\/2022\/07\/Yvonne_Lamberty_Logo.jpg","contentUrl":"https:\/\/yvonnelamberty.com\/wp-content\/uploads\/2022\/07\/Yvonne_Lamberty_Logo.jpg","width":596,"height":174,"caption":"Yvonne Lamberty"},"image":{"@id":"https:\/\/yvonnelamberty.com\/transzendenz\/#\/schema\/logo\/image\/"}},{"@type":"Person","@id":"https:\/\/yvonnelamberty.com\/transzendenz\/#\/schema\/person\/428b3333f648db7c253cdd46e5cd5eac","name":"Yvonne Lamberty","image":{"@type":"ImageObject","inLanguage":"de","@id":"https:\/\/yvonnelamberty.com\/transzendenz\/#\/schema\/person\/image\/","url":"https:\/\/secure.gravatar.com\/avatar\/b8173e7cc1af324776f5e26bc73ca0c8?s=96&d=mm&r=g","contentUrl":"https:\/\/secure.gravatar.com\/avatar\/b8173e7cc1af324776f5e26bc73ca0c8?s=96&d=mm&r=g","caption":"Yvonne Lamberty"},"url":"https:\/\/yvonnelamberty.com\/transzendenz\/author\/yvonne-lamberty\/"}]}},"builder_content":"<p>Kennst du Pierre Becker? Dieser Mann ist ein Held, Pionier, Abenteurer, Vision\u00e4r, Erfinder, Pilot, Tiefseetaucher und Genie mit einem grossem Herz in einem UND JETZT HALTE DICH FEST: er kam am Wochenende pers\u00f6nlich nach Cassis, um mir eine <strong>ganz besondere Pr\u00e4sentation<\/strong> zu zeigen \u2728??\ufe0f?<\/p> <p><img loading=\"lazy\" src=\"https:\/\/yvonnelamberty.com\/transzendenz\/wp-content\/uploads\/2021\/10\/YvonneLamberty_PierreBecker_6-225x300.jpg\" alt=\"Yvonne Lambert mit Pierre Becker\" width=\"225\" height=\"300\" \/>\u00a0 \u00a0 \u00a0<img loading=\"lazy\" src=\"https:\/\/yvonnelamberty.com\/transzendenz\/wp-content\/uploads\/2021\/10\/YvonneLamberty_PierreBecker_5-300x300.jpg\" alt=\"\" width=\"300\" height=\"300\" srcset=\"https:\/\/yvonnelamberty.com\/transzendenz\/wp-content\/uploads\/2021\/10\/YvonneLamberty_PierreBecker_5-300x300.jpg 300w, https:\/\/yvonnelamberty.com\/transzendenz\/wp-content\/uploads\/2021\/10\/YvonneLamberty_PierreBecker_5-100x100.jpg 100w, https:\/\/yvonnelamberty.com\/transzendenz\/wp-content\/uploads\/2021\/10\/YvonneLamberty_PierreBecker_5-600x600.jpg 600w, https:\/\/yvonnelamberty.com\/transzendenz\/wp-content\/uploads\/2021\/10\/YvonneLamberty_PierreBecker_5-1024x1024.jpg 1024w, https:\/\/yvonnelamberty.com\/transzendenz\/wp-content\/uploads\/2021\/10\/YvonneLamberty_PierreBecker_5-150x150.jpg 150w, https:\/\/yvonnelamberty.com\/transzendenz\/wp-content\/uploads\/2021\/10\/YvonneLamberty_PierreBecker_5-768x768.jpg 768w, https:\/\/yvonnelamberty.com\/transzendenz\/wp-content\/uploads\/2021\/10\/YvonneLamberty_PierreBecker_5.jpg 1284w\" sizes=\"(max-width: 300px) 100vw, 300px\" \/><\/p> <p>Pierre Becker sprach schon mit dem Chef der Nasa oder James Cameron aber alles nur im Namen seiner Passion, die Welt besser zu machen. <strong>Er ist viel\u00a0mehr als nur der Gl\u00fcckliche, der die Geschichte des unglaublichen R\u00e4tsels um den franz\u00f6sischen Nationalheld Antoine de Saint Exup\u00e9ry l\u00f6ste.<\/strong><br \/><br \/>Er erfand u. A. eine Maschine um das ausgelaufene \u00d6l der Schiffe vom Meer zu befreien oder er baute Installationen in \u00fcber 100 L\u00e4ndern - unten auf dem Meeresgrund - um das S\u00fcsswasser zu kanalisieren, damit wir Menschen mehr Ressourcen an Wasser haben.<br \/><br \/>Er wurde bei Flugzeugungl\u00fccken (auf der ganzen Welt) angerufen und er tauchte um Hinweise und Details zu finden \u00fcber die Ungl\u00fccksursache. Er l\u00f6ste viele Fragen und R\u00e4tsel.<br \/><br \/>Verr\u00fcckt ist, dass er mit 5 Jahren von seinem Vater eine kleines Model der \u201eLookheed P-38\u201c geschenkt bekommen hat. Es war genau jenes Kampfflugzeug, mit dem Antoine\u00a0de Saint Exup\u00e9ry\u00a0am 31.07.1944 abgest\u00fcrzt war und 54 Jahre als verschwunden galt. Bis er vor der Bucht in Cassis (wo ich \u201ezuf\u00e4llig\u201c gerade auch lebe\u201c) die ersten Wrackteile fand.<br \/><br \/>Pierre und ich sind uns beide sicher:\u00a0<strong>Wir wurden von Antoine<\/strong><strong>\u00a0zusammengef\u00fchrt.<\/strong>\u00a0Einen herzlichen Dank auch hier an seinen Sohn aus Dubai, den ich \u201ezuf\u00e4llig\u201c getroffen habe und der den Kontakt herstellte. Du erinnerst\u00a0dich vielleicht noch an <a href=\"https:\/\/yvonnelamberty.com\/transzendenz\/vom-universum-zusammengefuehrt\/\">Teil 4<\/a> (und\u00a0<a href=\"https:\/\/yvonnelamberty.com\/transzendenz\/ich-kehre-wieder-zurueck-an-meinen-kraftort\/\">1<\/a>,\u00a0<a href=\"https:\/\/yvonnelamberty.com\/transzendenz\/der-kleine-prinz-cassis-und-ich\/\">2<\/a>,\u00a0<a href=\"https:\/\/yvonnelamberty.com\/transzendenz\/ein-wirklich-wahrer-maerchenkrimi\/\" data-ac-default-color=\"1\">3<\/a>) meiner\u00a0wirklich magischen, unglaublichen aber wahren M\u00e4rchengeschichte?<br \/><\/p> <p><strong>Hiermit w\u00e4ren wir also bei Teil 5<\/strong><br \/><br \/>Als Pierre am Wochenende nach der Pr\u00e4sentation um die Bergungsarbeiten noch ein Original Wrackteil von Antoines Flugzeug herausnahm, war ich fix und fertig.<br \/><br \/>Das ich der ganzen Geschichte einmal so nah kommen w\u00fcrde und ein kleines Teil aus der Meerestiefe an mein Herz dr\u00fccken durfte, ist f\u00fcr mich noch absolut surreal .<\/p> <p><img loading=\"lazy\" src=\"https:\/\/yvonnelamberty.com\/transzendenz\/wp-content\/uploads\/2021\/10\/YvonneLamberty_PierreBecker_1-300x300.jpg\" alt=\"\" width=\"300\" height=\"300\" srcset=\"https:\/\/yvonnelamberty.com\/transzendenz\/wp-content\/uploads\/2021\/10\/YvonneLamberty_PierreBecker_1-300x300.jpg 300w, https:\/\/yvonnelamberty.com\/transzendenz\/wp-content\/uploads\/2021\/10\/YvonneLamberty_PierreBecker_1-scaled-100x100.jpg 100w, https:\/\/yvonnelamberty.com\/transzendenz\/wp-content\/uploads\/2021\/10\/YvonneLamberty_PierreBecker_1-scaled-600x600.jpg 600w, https:\/\/yvonnelamberty.com\/transzendenz\/wp-content\/uploads\/2021\/10\/YvonneLamberty_PierreBecker_1-1024x1024.jpg 1024w, https:\/\/yvonnelamberty.com\/transzendenz\/wp-content\/uploads\/2021\/10\/YvonneLamberty_PierreBecker_1-150x150.jpg 150w, https:\/\/yvonnelamberty.com\/transzendenz\/wp-content\/uploads\/2021\/10\/YvonneLamberty_PierreBecker_1-768x768.jpg 768w, https:\/\/yvonnelamberty.com\/transzendenz\/wp-content\/uploads\/2021\/10\/YvonneLamberty_PierreBecker_1-1536x1536.jpg 1536w, https:\/\/yvonnelamberty.com\/transzendenz\/wp-content\/uploads\/2021\/10\/YvonneLamberty_PierreBecker_1-2048x2048.jpg 2048w\" sizes=\"(max-width: 300px) 100vw, 300px\" \/>.\u00a0 \u00a0 <img loading=\"lazy\" src=\"https:\/\/yvonnelamberty.com\/transzendenz\/wp-content\/uploads\/2021\/10\/YvonneLamberty_PierreBecker-300x300.png\" alt=\"\" width=\"300\" height=\"300\" srcset=\"https:\/\/yvonnelamberty.com\/transzendenz\/wp-content\/uploads\/2021\/10\/YvonneLamberty_PierreBecker-300x300.png 300w, https:\/\/yvonnelamberty.com\/transzendenz\/wp-content\/uploads\/2021\/10\/YvonneLamberty_PierreBecker-100x100.png 100w, https:\/\/yvonnelamberty.com\/transzendenz\/wp-content\/uploads\/2021\/10\/YvonneLamberty_PierreBecker-600x600.png 600w, https:\/\/yvonnelamberty.com\/transzendenz\/wp-content\/uploads\/2021\/10\/YvonneLamberty_PierreBecker-1024x1024.png 1024w, https:\/\/yvonnelamberty.com\/transzendenz\/wp-content\/uploads\/2021\/10\/YvonneLamberty_PierreBecker-150x150.png 150w, https:\/\/yvonnelamberty.com\/transzendenz\/wp-content\/uploads\/2021\/10\/YvonneLamberty_PierreBecker-768x768.png 768w, https:\/\/yvonnelamberty.com\/transzendenz\/wp-content\/uploads\/2021\/10\/YvonneLamberty_PierreBecker.png 1080w\" sizes=\"(max-width: 300px) 100vw, 300px\" \/><\/p> <p><strong>Hier also eine kleine Erinnerung f\u00fcr dich:\u00a0\u201eLife is unbelievable\u201c\u00a0!!!!<\/strong> Alles ist m\u00f6glich! Ich bin gespannt wie es weiter geht und halte dich nat\u00fcrlich auf dem Laufenden ?<br \/><br \/>Es gibt so viele Helden da drau\u00dfen, die aber eventuell nicht in den Sozialen Medien sichtbar sind. Doch von ihnen muss unbedingt berichtet werden. Von ganzem Herzen nochmal DANKE und Merci beaucoup Pierre Becker!<br \/><br \/>M\u00f6ge dieser Mann auch dir eine Inspiration sein.<\/p> <p>Herzgru\u00df, deine Yvonne<\/p>","_links":{"self":[{"href":"https:\/\/yvonnelamberty.com\/transzendenz\/wp-json\/wp\/v2\/posts\/1279"}],"collection":[{"href":"https:\/\/yvonnelamberty.com\/transzendenz\/wp-json\/wp\/v2\/posts"}],"about":[{"href":"https:\/\/yvonnelamberty.com\/transzendenz\/wp-json\/wp\/v2\/types\/post"}],"author":[{"embeddable":true,"href":"https:\/\/yvonnelamberty.com\/transzendenz\/wp-json\/wp\/v2\/users\/3"}],"replies":[{"embeddable":true,"href":"https:\/\/yvonnelamberty.com\/transzendenz\/wp-json\/wp\/v2\/comments?post=1279"}],"version-history":[{"count":5,"href":"https:\/\/yvonnelamberty.com\/transzendenz\/wp-json\/wp\/v2\/posts\/1279\/revisions"}],"predecessor-version":[{"id":4608,"href":"https:\/\/yvonnelamberty.com\/transzendenz\/wp-json\/wp\/v2\/posts\/1279\/revisions\/4608"}],"wp:featuredmedia":[{"embeddable":true,"href":"https:\/\/yvonnelamberty.com\/transzendenz\/wp-json\/wp\/v2\/media\/1285"}],"wp:attachment":[{"href":"https:\/\/yvonnelamberty.com\/transzendenz\/wp-json\/wp\/v2\/media?parent=1279"}],"wp:term":[{"taxonomy":"category","embeddable":true,"href":"https:\/\/yvonnelamberty.com\/transzendenz\/wp-json\/wp\/v2\/categories?post=1279"},{"taxonomy":"post_tag","embeddable":true,"href":"https:\/\/yvonnelamberty.com\/transzendenz\/wp-json\/wp\/v2\/tags?post=1279"}],"curies":[{"name":"wp","href":"https:\/\/api.w.org\/{rel}","templated":true}]}}