{"id":1078,"date":"2020-09-01T11:08:07","date_gmt":"2020-09-01T09:08:07","guid":{"rendered":"https:\/\/yvonnelamberty.com\/?p=1078"},"modified":"2020-09-01T11:08:09","modified_gmt":"2020-09-01T09:08:09","slug":"ich-kehre-wieder-zurueck-an-meinen-kraftort","status":"publish","type":"post","link":"https:\/\/yvonnelamberty.com\/transzendenz\/ich-kehre-wieder-zurueck-an-meinen-kraftort\/","title":{"rendered":"Ich kehre wieder zur\u00fcck an meinen Kraftort"},"content":{"rendered":"<!--themify_builder_content-->\n<div id=\"themify_builder_content-1078\" data-postid=\"1078\" class=\"themify_builder_content themify_builder_content-1078 themify_builder tf_clear\">\n    <\/div>\n<!--\/themify_builder_content-->\n\n\n<p>Ich habe eine Entscheidung getroffen: ich fahre n\u00e4chste Woche wieder zur\u00fcck nach S\u00fcdfrankreich an meinen&nbsp;<strong>Kraftort<\/strong>&nbsp;Cassis. Ich sp\u00fcre, ich habe dort noch etwas zu erledigen, von dem ich dir bald mehr berichten werde. Alle&nbsp;<strong>Zeichen<\/strong> sprechen daf\u00fcr.&nbsp;<\/p>\n\n\n\n<div class=\"wp-block-media-text alignwide\"><figure class=\"wp-block-media-text__media\"><img loading=\"lazy\" width=\"828\" height=\"1021\" src=\"https:\/\/yvonnelamberty.com\/wp-content\/uploads\/2020\/09\/Cassis-Herz-YvonneLamberty-1.jpg\" alt=\"\" class=\"wp-image-1083\" srcset=\"https:\/\/yvonnelamberty.com\/transzendenz\/wp-content\/uploads\/2020\/09\/Cassis-Herz-YvonneLamberty-1.jpg 828w, https:\/\/yvonnelamberty.com\/transzendenz\/wp-content\/uploads\/2020\/09\/Cassis-Herz-YvonneLamberty-1-600x740.jpg 600w, https:\/\/yvonnelamberty.com\/transzendenz\/wp-content\/uploads\/2020\/09\/Cassis-Herz-YvonneLamberty-1-243x300.jpg 243w, https:\/\/yvonnelamberty.com\/transzendenz\/wp-content\/uploads\/2020\/09\/Cassis-Herz-YvonneLamberty-1-768x947.jpg 768w\" sizes=\"(max-width: 828px) 100vw, 828px\" \/><\/figure><div class=\"wp-block-media-text__content\">\n<p>Wie sagte der Kleine Prinz einst:&nbsp;<\/p>\n\n\n\n<p><em>&#8220;Man sieht nur mit dem Herzen gut. Das Wesentliche ist f\u00fcr die Augen unsichtbar.&#8221;<\/em><\/p>\n<\/div><\/div>\n\n\n\n<p><\/p>\n\n\n\n<p>Und&nbsp;<strong>das Unsichtbare hat sich mir in Cassis in meinem Herzen gezeigt ?<\/strong>. Ich wei\u00df gerade noch nicht, was das Leben mit mir vor hat aber ich folge einem tiefen unsichtbaren und starken Gef\u00fchl. Meine&nbsp;<strong>Intuition<\/strong>&nbsp;hat mich noch nie im Stich gelassen.&nbsp;<\/p>\n\n\n\n<p>Ich bin nun mutig und bereit f\u00fcr das Ungewisse. Keine Ahnung, wie lange ich in Cassis bleibe aber ich verspreche dir, ich werde dort weiter kreativ sein und dich in immer mal wieder auf meiner Reise mitnehmen.&nbsp;<\/p>\n\n\n\n<p>Deine Yvonne<\/p>","protected":false},"excerpt":{"rendered":"<p>Ich sp\u00fcre, ich habe dort noch etwas zu erledigen, von dem ich dir bald mehr berichten werde. Wie sagte der Kleine Prinz einst: &#8220;Man sieht nur mit dem Herzen gut. Das Wesentliche ist f\u00fcr die Augen unsichtbar.&#8221; Und das Unsichtbare hat sich mir dort in meinem Herzen gezeigt ?. <\/p>\n","protected":false},"author":3,"featured_media":1086,"comment_status":"open","ping_status":"open","sticky":false,"template":"","format":"standard","meta":[],"categories":[1],"tags":[11,16,12,9,15,10,13],"yoast_head":"<!-- This site is optimized with the Yoast SEO plugin v19.6.1 - https:\/\/yoast.com\/wordpress\/plugins\/seo\/ -->\n<title>Ich kehre wieder zur\u00fcck an meinen Kraftort - Yvonne Lamberty<\/title>\n<meta name=\"description\" content=\"Ich sp\u00fcre, ich habe dort noch etwas zu erledigen, von dem ich dir bald mehr berichten werde. Wie sagte der Kleine Prinz einst: &quot;Man sieht nur mit dem Herzen gut. Das Wesentliche ist f\u00fcr die Augen unsichtbar.&quot; Und das Unsichtbare hat sich mir dort in meinem Herzen gezeigt ?.\" \/>\n<meta name=\"robots\" content=\"index, follow, max-snippet:-1, max-image-preview:large, max-video-preview:-1\" \/>\n<link rel=\"canonical\" href=\"https:\/\/yvonnelamberty.com\/transzendenz\/ich-kehre-wieder-zurueck-an-meinen-kraftort\/\" \/>\n<meta property=\"og:locale\" content=\"de_DE\" \/>\n<meta property=\"og:type\" content=\"article\" \/>\n<meta property=\"og:title\" content=\"Ich kehre wieder zur\u00fcck an meinen Kraftort - Yvonne Lamberty\" \/>\n<meta property=\"og:description\" content=\"Ich sp\u00fcre, ich habe dort noch etwas zu erledigen, von dem ich dir bald mehr berichten werde. Wie sagte der Kleine Prinz einst: &quot;Man sieht nur mit dem Herzen gut. Das Wesentliche ist f\u00fcr die Augen unsichtbar.&quot; Und das Unsichtbare hat sich mir dort in meinem Herzen gezeigt ?.\" \/>\n<meta property=\"og:url\" content=\"https:\/\/yvonnelamberty.com\/transzendenz\/ich-kehre-wieder-zurueck-an-meinen-kraftort\/\" \/>\n<meta property=\"og:site_name\" content=\"Yvonne Lamberty\" \/>\n<meta property=\"article:published_time\" content=\"2020-09-01T09:08:07+00:00\" \/>\n<meta property=\"article:modified_time\" content=\"2020-09-01T09:08:09+00:00\" \/>\n<meta property=\"og:image\" content=\"https:\/\/yvonnelamberty.com\/transzendenz\/wp-content\/uploads\/2020\/09\/Cassis_Herz_YvonneLamberty-2.jpg\" \/>\n\t<meta property=\"og:image:width\" content=\"828\" \/>\n\t<meta property=\"og:image:height\" content=\"465\" \/>\n\t<meta property=\"og:image:type\" content=\"image\/jpeg\" \/>\n<meta name=\"author\" content=\"Yvonne Lamberty\" \/>\n<meta name=\"twitter:card\" content=\"summary_large_image\" \/>\n<meta name=\"twitter:label1\" content=\"Verfasst von\" \/>\n\t<meta name=\"twitter:data1\" content=\"Yvonne Lamberty\" \/>\n\t<meta name=\"twitter:label2\" content=\"Gesch\u00e4tzte Lesezeit\" \/>\n\t<meta name=\"twitter:data2\" content=\"1\u00a0Minute\" \/>\n<script type=\"application\/ld+json\" class=\"yoast-schema-graph\">{\"@context\":\"https:\/\/schema.org\",\"@graph\":[{\"@type\":\"Article\",\"@id\":\"https:\/\/yvonnelamberty.com\/transzendenz\/ich-kehre-wieder-zurueck-an-meinen-kraftort\/#article\",\"isPartOf\":{\"@id\":\"https:\/\/yvonnelamberty.com\/transzendenz\/ich-kehre-wieder-zurueck-an-meinen-kraftort\/\"},\"author\":{\"name\":\"Yvonne Lamberty\",\"@id\":\"https:\/\/yvonnelamberty.com\/transzendenz\/#\/schema\/person\/428b3333f648db7c253cdd46e5cd5eac\"},\"headline\":\"Ich kehre wieder zur\u00fcck an meinen Kraftort\",\"datePublished\":\"2020-09-01T09:08:07+00:00\",\"dateModified\":\"2020-09-01T09:08:09+00:00\",\"mainEntityOfPage\":{\"@id\":\"https:\/\/yvonnelamberty.com\/transzendenz\/ich-kehre-wieder-zurueck-an-meinen-kraftort\/\"},\"wordCount\":165,\"commentCount\":0,\"publisher\":{\"@id\":\"https:\/\/yvonnelamberty.com\/transzendenz\/#organization\"},\"keywords\":[\"Cassis\",\"Intuition\",\"Kleiner Prinz\",\"Kraftort\",\"Man sieht nur mit dem Herzen gut\",\"S\u00fcdfrankreich\",\"Zitat\"],\"inLanguage\":\"de\",\"potentialAction\":[{\"@type\":\"CommentAction\",\"name\":\"Comment\",\"target\":[\"https:\/\/yvonnelamberty.com\/transzendenz\/ich-kehre-wieder-zurueck-an-meinen-kraftort\/#respond\"]}]},{\"@type\":\"WebPage\",\"@id\":\"https:\/\/yvonnelamberty.com\/transzendenz\/ich-kehre-wieder-zurueck-an-meinen-kraftort\/\",\"url\":\"https:\/\/yvonnelamberty.com\/transzendenz\/ich-kehre-wieder-zurueck-an-meinen-kraftort\/\",\"name\":\"Ich kehre wieder zur\u00fcck an meinen Kraftort - Yvonne Lamberty\",\"isPartOf\":{\"@id\":\"https:\/\/yvonnelamberty.com\/transzendenz\/#website\"},\"datePublished\":\"2020-09-01T09:08:07+00:00\",\"dateModified\":\"2020-09-01T09:08:09+00:00\",\"description\":\"Ich sp\u00fcre, ich habe dort noch etwas zu erledigen, von dem ich dir bald mehr berichten werde. Wie sagte der Kleine Prinz einst: \\\"Man sieht nur mit dem Herzen gut. Das Wesentliche ist f\u00fcr die Augen unsichtbar.\\\" Und das Unsichtbare hat sich mir dort in meinem Herzen gezeigt ?.\",\"breadcrumb\":{\"@id\":\"https:\/\/yvonnelamberty.com\/transzendenz\/ich-kehre-wieder-zurueck-an-meinen-kraftort\/#breadcrumb\"},\"inLanguage\":\"de\",\"potentialAction\":[{\"@type\":\"ReadAction\",\"target\":[\"https:\/\/yvonnelamberty.com\/transzendenz\/ich-kehre-wieder-zurueck-an-meinen-kraftort\/\"]}]},{\"@type\":\"BreadcrumbList\",\"@id\":\"https:\/\/yvonnelamberty.com\/transzendenz\/ich-kehre-wieder-zurueck-an-meinen-kraftort\/#breadcrumb\",\"itemListElement\":[{\"@type\":\"ListItem\",\"position\":1,\"name\":\"Startseite\",\"item\":\"https:\/\/yvonnelamberty.com\/transzendenz\/\"},{\"@type\":\"ListItem\",\"position\":2,\"name\":\"Ich kehre wieder zur\u00fcck an meinen Kraftort\"}]},{\"@type\":\"WebSite\",\"@id\":\"https:\/\/yvonnelamberty.com\/transzendenz\/#website\",\"url\":\"https:\/\/yvonnelamberty.com\/transzendenz\/\",\"name\":\"Yvonne Lamberty\",\"description\":\"Yvonne Lamberty\",\"publisher\":{\"@id\":\"https:\/\/yvonnelamberty.com\/transzendenz\/#organization\"},\"potentialAction\":[{\"@type\":\"SearchAction\",\"target\":{\"@type\":\"EntryPoint\",\"urlTemplate\":\"https:\/\/yvonnelamberty.com\/transzendenz\/?s={search_term_string}\"},\"query-input\":\"required name=search_term_string\"}],\"inLanguage\":\"de\"},{\"@type\":\"Organization\",\"@id\":\"https:\/\/yvonnelamberty.com\/transzendenz\/#organization\",\"name\":\"Yvonne Lamberty\",\"url\":\"https:\/\/yvonnelamberty.com\/transzendenz\/\",\"sameAs\":[],\"logo\":{\"@type\":\"ImageObject\",\"inLanguage\":\"de\",\"@id\":\"https:\/\/yvonnelamberty.com\/transzendenz\/#\/schema\/logo\/image\/\",\"url\":\"https:\/\/yvonnelamberty.com\/wp-content\/uploads\/2022\/07\/Yvonne_Lamberty_Logo.jpg\",\"contentUrl\":\"https:\/\/yvonnelamberty.com\/wp-content\/uploads\/2022\/07\/Yvonne_Lamberty_Logo.jpg\",\"width\":596,\"height\":174,\"caption\":\"Yvonne Lamberty\"},\"image\":{\"@id\":\"https:\/\/yvonnelamberty.com\/transzendenz\/#\/schema\/logo\/image\/\"}},{\"@type\":\"Person\",\"@id\":\"https:\/\/yvonnelamberty.com\/transzendenz\/#\/schema\/person\/428b3333f648db7c253cdd46e5cd5eac\",\"name\":\"Yvonne Lamberty\",\"image\":{\"@type\":\"ImageObject\",\"inLanguage\":\"de\",\"@id\":\"https:\/\/yvonnelamberty.com\/transzendenz\/#\/schema\/person\/image\/\",\"url\":\"https:\/\/secure.gravatar.com\/avatar\/b8173e7cc1af324776f5e26bc73ca0c8?s=96&d=mm&r=g\",\"contentUrl\":\"https:\/\/secure.gravatar.com\/avatar\/b8173e7cc1af324776f5e26bc73ca0c8?s=96&d=mm&r=g\",\"caption\":\"Yvonne Lamberty\"},\"url\":\"https:\/\/yvonnelamberty.com\/transzendenz\/author\/yvonne-lamberty\/\"}]}<\/script>\n<!-- \/ Yoast SEO plugin. -->","yoast_head_json":{"title":"Ich kehre wieder zur\u00fcck an meinen Kraftort - Yvonne Lamberty","description":"Ich sp\u00fcre, ich habe dort noch etwas zu erledigen, von dem ich dir bald mehr berichten werde. Wie sagte der Kleine Prinz einst: \"Man sieht nur mit dem Herzen gut. Das Wesentliche ist f\u00fcr die Augen unsichtbar.\" Und das Unsichtbare hat sich mir dort in meinem Herzen gezeigt ?.","robots":{"index":"index","follow":"follow","max-snippet":"max-snippet:-1","max-image-preview":"max-image-preview:large","max-video-preview":"max-video-preview:-1"},"canonical":"https:\/\/yvonnelamberty.com\/transzendenz\/ich-kehre-wieder-zurueck-an-meinen-kraftort\/","og_locale":"de_DE","og_type":"article","og_title":"Ich kehre wieder zur\u00fcck an meinen Kraftort - Yvonne Lamberty","og_description":"Ich sp\u00fcre, ich habe dort noch etwas zu erledigen, von dem ich dir bald mehr berichten werde. Wie sagte der Kleine Prinz einst: \"Man sieht nur mit dem Herzen gut. Das Wesentliche ist f\u00fcr die Augen unsichtbar.\" Und das Unsichtbare hat sich mir dort in meinem Herzen gezeigt ?.","og_url":"https:\/\/yvonnelamberty.com\/transzendenz\/ich-kehre-wieder-zurueck-an-meinen-kraftort\/","og_site_name":"Yvonne Lamberty","article_published_time":"2020-09-01T09:08:07+00:00","article_modified_time":"2020-09-01T09:08:09+00:00","og_image":[{"width":828,"height":465,"url":"https:\/\/yvonnelamberty.com\/transzendenz\/wp-content\/uploads\/2020\/09\/Cassis_Herz_YvonneLamberty-2.jpg","type":"image\/jpeg"}],"author":"Yvonne Lamberty","twitter_card":"summary_large_image","twitter_misc":{"Verfasst von":"Yvonne Lamberty","Gesch\u00e4tzte Lesezeit":"1\u00a0Minute"},"schema":{"@context":"https:\/\/schema.org","@graph":[{"@type":"Article","@id":"https:\/\/yvonnelamberty.com\/transzendenz\/ich-kehre-wieder-zurueck-an-meinen-kraftort\/#article","isPartOf":{"@id":"https:\/\/yvonnelamberty.com\/transzendenz\/ich-kehre-wieder-zurueck-an-meinen-kraftort\/"},"author":{"name":"Yvonne Lamberty","@id":"https:\/\/yvonnelamberty.com\/transzendenz\/#\/schema\/person\/428b3333f648db7c253cdd46e5cd5eac"},"headline":"Ich kehre wieder zur\u00fcck an meinen Kraftort","datePublished":"2020-09-01T09:08:07+00:00","dateModified":"2020-09-01T09:08:09+00:00","mainEntityOfPage":{"@id":"https:\/\/yvonnelamberty.com\/transzendenz\/ich-kehre-wieder-zurueck-an-meinen-kraftort\/"},"wordCount":165,"commentCount":0,"publisher":{"@id":"https:\/\/yvonnelamberty.com\/transzendenz\/#organization"},"keywords":["Cassis","Intuition","Kleiner Prinz","Kraftort","Man sieht nur mit dem Herzen gut","S\u00fcdfrankreich","Zitat"],"inLanguage":"de","potentialAction":[{"@type":"CommentAction","name":"Comment","target":["https:\/\/yvonnelamberty.com\/transzendenz\/ich-kehre-wieder-zurueck-an-meinen-kraftort\/#respond"]}]},{"@type":"WebPage","@id":"https:\/\/yvonnelamberty.com\/transzendenz\/ich-kehre-wieder-zurueck-an-meinen-kraftort\/","url":"https:\/\/yvonnelamberty.com\/transzendenz\/ich-kehre-wieder-zurueck-an-meinen-kraftort\/","name":"Ich kehre wieder zur\u00fcck an meinen Kraftort - Yvonne Lamberty","isPartOf":{"@id":"https:\/\/yvonnelamberty.com\/transzendenz\/#website"},"datePublished":"2020-09-01T09:08:07+00:00","dateModified":"2020-09-01T09:08:09+00:00","description":"Ich sp\u00fcre, ich habe dort noch etwas zu erledigen, von dem ich dir bald mehr berichten werde. Wie sagte der Kleine Prinz einst: \"Man sieht nur mit dem Herzen gut. Das Wesentliche ist f\u00fcr die Augen unsichtbar.\" Und das Unsichtbare hat sich mir dort in meinem Herzen gezeigt ?.","breadcrumb":{"@id":"https:\/\/yvonnelamberty.com\/transzendenz\/ich-kehre-wieder-zurueck-an-meinen-kraftort\/#breadcrumb"},"inLanguage":"de","potentialAction":[{"@type":"ReadAction","target":["https:\/\/yvonnelamberty.com\/transzendenz\/ich-kehre-wieder-zurueck-an-meinen-kraftort\/"]}]},{"@type":"BreadcrumbList","@id":"https:\/\/yvonnelamberty.com\/transzendenz\/ich-kehre-wieder-zurueck-an-meinen-kraftort\/#breadcrumb","itemListElement":[{"@type":"ListItem","position":1,"name":"Startseite","item":"https:\/\/yvonnelamberty.com\/transzendenz\/"},{"@type":"ListItem","position":2,"name":"Ich kehre wieder zur\u00fcck an meinen Kraftort"}]},{"@type":"WebSite","@id":"https:\/\/yvonnelamberty.com\/transzendenz\/#website","url":"https:\/\/yvonnelamberty.com\/transzendenz\/","name":"Yvonne Lamberty","description":"Yvonne Lamberty","publisher":{"@id":"https:\/\/yvonnelamberty.com\/transzendenz\/#organization"},"potentialAction":[{"@type":"SearchAction","target":{"@type":"EntryPoint","urlTemplate":"https:\/\/yvonnelamberty.com\/transzendenz\/?s={search_term_string}"},"query-input":"required name=search_term_string"}],"inLanguage":"de"},{"@type":"Organization","@id":"https:\/\/yvonnelamberty.com\/transzendenz\/#organization","name":"Yvonne Lamberty","url":"https:\/\/yvonnelamberty.com\/transzendenz\/","sameAs":[],"logo":{"@type":"ImageObject","inLanguage":"de","@id":"https:\/\/yvonnelamberty.com\/transzendenz\/#\/schema\/logo\/image\/","url":"https:\/\/yvonnelamberty.com\/wp-content\/uploads\/2022\/07\/Yvonne_Lamberty_Logo.jpg","contentUrl":"https:\/\/yvonnelamberty.com\/wp-content\/uploads\/2022\/07\/Yvonne_Lamberty_Logo.jpg","width":596,"height":174,"caption":"Yvonne Lamberty"},"image":{"@id":"https:\/\/yvonnelamberty.com\/transzendenz\/#\/schema\/logo\/image\/"}},{"@type":"Person","@id":"https:\/\/yvonnelamberty.com\/transzendenz\/#\/schema\/person\/428b3333f648db7c253cdd46e5cd5eac","name":"Yvonne Lamberty","image":{"@type":"ImageObject","inLanguage":"de","@id":"https:\/\/yvonnelamberty.com\/transzendenz\/#\/schema\/person\/image\/","url":"https:\/\/secure.gravatar.com\/avatar\/b8173e7cc1af324776f5e26bc73ca0c8?s=96&d=mm&r=g","contentUrl":"https:\/\/secure.gravatar.com\/avatar\/b8173e7cc1af324776f5e26bc73ca0c8?s=96&d=mm&r=g","caption":"Yvonne Lamberty"},"url":"https:\/\/yvonnelamberty.com\/transzendenz\/author\/yvonne-lamberty\/"}]}},"builder_content":"","_links":{"self":[{"href":"https:\/\/yvonnelamberty.com\/transzendenz\/wp-json\/wp\/v2\/posts\/1078"}],"collection":[{"href":"https:\/\/yvonnelamberty.com\/transzendenz\/wp-json\/wp\/v2\/posts"}],"about":[{"href":"https:\/\/yvonnelamberty.com\/transzendenz\/wp-json\/wp\/v2\/types\/post"}],"author":[{"embeddable":true,"href":"https:\/\/yvonnelamberty.com\/transzendenz\/wp-json\/wp\/v2\/users\/3"}],"replies":[{"embeddable":true,"href":"https:\/\/yvonnelamberty.com\/transzendenz\/wp-json\/wp\/v2\/comments?post=1078"}],"version-history":[{"count":4,"href":"https:\/\/yvonnelamberty.com\/transzendenz\/wp-json\/wp\/v2\/posts\/1078\/revisions"}],"predecessor-version":[{"id":1088,"href":"https:\/\/yvonnelamberty.com\/transzendenz\/wp-json\/wp\/v2\/posts\/1078\/revisions\/1088"}],"wp:featuredmedia":[{"embeddable":true,"href":"https:\/\/yvonnelamberty.com\/transzendenz\/wp-json\/wp\/v2\/media\/1086"}],"wp:attachment":[{"href":"https:\/\/yvonnelamberty.com\/transzendenz\/wp-json\/wp\/v2\/media?parent=1078"}],"wp:term":[{"taxonomy":"category","embeddable":true,"href":"https:\/\/yvonnelamberty.com\/transzendenz\/wp-json\/wp\/v2\/categories?post=1078"},{"taxonomy":"post_tag","embeddable":true,"href":"https:\/\/yvonnelamberty.com\/transzendenz\/wp-json\/wp\/v2\/tags?post=1078"}],"curies":[{"name":"wp","href":"https:\/\/api.w.org\/{rel}","templated":true}]}}